{"id":70396,"date":"2019-12-16T15:14:07","date_gmt":"2019-12-16T20:14:07","guid":{"rendered":"https:\/\/linitiative.ca\/International\/ligue-des-champions-liverpool-klopp-impatient-de-revenir-a-madrid\/"},"modified":"2019-12-16T15:14:07","modified_gmt":"2019-12-16T20:14:07","slug":"ligue-des-champions-liverpool-klopp-impatient-de-revenir-a-madrid","status":"publish","type":"post","link":"https:\/\/linitiative.ca\/International\/ligue-des-champions-liverpool-klopp-impatient-de-revenir-a-madrid\/","title":{"rendered":"Ligue des Champions : Liverpool : Klopp impatient de revenir \u00e0 Madrid"},"content":{"rendered":"<div readability=\"32\">\n<p>Auteur : <span class=\"time\">lundi 16 d\u00e9cembre 2019 20:11<\/span><\/p>\n<\/div>\n<div id=\"post_core\" readability=\"54\">\n<p>Pour les 8es de finale de la Ligue des Champions, l&rsquo;Atl\u00e9tico Madrid sera oppos\u00e9 au tenant du titre Liverpool. Un adversaire qui a ravi J\u00fcrgen Klopp pour une raison un peu particuli\u00e8re : c&rsquo;est dans le stade des Colchoneros que les Reds ont triomph\u00e9 en juin dernier contre Tottenham (2-0) :<\/p>\n<p>C&rsquo;est un tirage int\u00e9ressant. Madrid est un endroit o\u00f9 on n&rsquo;a que des souvenirs fantastiques, nous tous, donc c&rsquo;est g\u00e9nial, a r\u00e9agi le technicien allemand avant de poursuivre sur le ton de la plaisanterie : J&rsquo;ai v\u00e9cu l&rsquo;une des plus belles nuits de ma vie dans ce stade. On avait le vestiaire de l&rsquo;\u00e9quipe \u00e0 domicile pour ce match. Peut-\u00eatre qu&rsquo;on peut leur demander de l&rsquo;avoir \u00e0 nouveau\u00a0!<\/p>\n<p>\u00ab\u00a0C&rsquo;\u00e9tait tr\u00e8s sympa, il y avait plein de panneaux Liverpool partout, mais je pense qu&rsquo;ils ont d\u00fb s&rsquo;en d\u00e9barrasser depuis.\u00a0\u00bb<\/p>\n<p>L&rsquo;entra\u00eeneur a ensuite \u00e9voqu\u00e9 un match \u00ab\u00a0difficile, mais si on regarde les tirages, il y a 4 ou 5 affiches dignes d&rsquo;une finale dans ces huiti\u00e8mes. Je ne pense pas que [Diego] Simeone coure dans son salon en \u00e9tant heureux de jouer Liverpool.\u00a0\u00bb Des propos relay\u00e9s par Goal.<\/p>\n<p><strong>Publi\u00e9 dans :<\/strong> <span>liverpool<\/span><\/p>\n<\/div>\n<p>Auteur:<br \/>\n<a href=\"http:\/\/www.lebuteur.com\/article\/detail?titre=liverpool-klopp-impatient-de-revenir-a-madrid&#038;id=93621&#038;utm_source=feedburner&#038;utm_medium=feed&#038;utm_campaign=Feed%3A+GalerieFArtciles+%28Les+derniers+articles++-+lebuteur.com%29\">Cliquez ici pour lire l&rsquo;article depuis sa source.<\/a><\/p>\n","protected":false},"excerpt":{"rendered":"<p>Auteur : lundi 16 d\u00e9cembre 2019 20:11 Pour les 8es de finale de la Ligue des Champions, l&rsquo;Atl\u00e9tico Madrid sera oppos\u00e9 au tenant du titre Liverpool. Un adversaire qui a ravi J\u00fcrgen Klopp pour une raison un peu particuli\u00e8re : c&rsquo;est dans le stade des Colchoneros que les Reds ont triomph\u00e9 en juin dernier contre [&hellip;]<\/p>\n","protected":false},"author":1738,"featured_media":70397,"comment_status":"closed","ping_status":"closed","sticky":false,"template":"","format":"standard","meta":{"fifu_image_url":"","fifu_image_alt":"","footnotes":""},"categories":[53,75],"tags":[],"class_list":["post-70396","post","type-post","status-publish","format-standard","has-post-thumbnail","hentry","category-algerie","category-sport"],"_links":{"self":[{"href":"https:\/\/linitiative.ca\/International\/wp-json\/wp\/v2\/posts\/70396","targetHints":{"allow":["GET"]}}],"collection":[{"href":"https:\/\/linitiative.ca\/International\/wp-json\/wp\/v2\/posts"}],"about":[{"href":"https:\/\/linitiative.ca\/International\/wp-json\/wp\/v2\/types\/post"}],"author":[{"embeddable":true,"href":"https:\/\/linitiative.ca\/International\/wp-json\/wp\/v2\/users\/1738"}],"replies":[{"embeddable":true,"href":"https:\/\/linitiative.ca\/International\/wp-json\/wp\/v2\/comments?post=70396"}],"version-history":[{"count":0,"href":"https:\/\/linitiative.ca\/International\/wp-json\/wp\/v2\/posts\/70396\/revisions"}],"wp:featuredmedia":[{"embeddable":true,"href":"https:\/\/linitiative.ca\/International\/wp-json\/"}],"wp:attachment":[{"href":"https:\/\/linitiative.ca\/International\/wp-json\/wp\/v2\/media?parent=70396"}],"wp:term":[{"taxonomy":"category","embeddable":true,"href":"https:\/\/linitiative.ca\/International\/wp-json\/wp\/v2\/categories?post=70396"},{"taxonomy":"post_tag","embeddable":true,"href":"https:\/\/linitiative.ca\/International\/wp-json\/wp\/v2\/tags?post=70396"}],"curies":[{"name":"wp","href":"https:\/\/api.w.org\/{rel}","templated":true}]}}