{"id":70398,"date":"2019-12-16T15:14:09","date_gmt":"2019-12-16T20:14:09","guid":{"rendered":"https:\/\/linitiative.ca\/International\/pros-angers-ait-nouri-evoque-son-entretien-avec-son-agent-jorge-mendes\/"},"modified":"2019-12-16T15:14:09","modified_gmt":"2019-12-16T20:14:09","slug":"pros-angers-ait-nouri-evoque-son-entretien-avec-son-agent-jorge-mendes","status":"publish","type":"post","link":"https:\/\/linitiative.ca\/International\/pros-angers-ait-nouri-evoque-son-entretien-avec-son-agent-jorge-mendes\/","title":{"rendered":"Pros : Angers : A\u00eft Nouri \u00e9voque son entretien avec son agent Jorge Mendes"},"content":{"rendered":"<div readability=\"32\">\n<p>Auteur : <span class=\"time\">lundi 16 d\u00e9cembre 2019 20:29<\/span><\/p>\n<\/div>\n<div id=\"post_core\" readability=\"65\">\n<p>Dans notre num\u00e9ro 331 Onze Mondial, le joueur alg\u00e9rien s&rsquo;est livr\u00e9 sur sa relation avec son agent et ses \u00e9changes avec lui. Un certain, Jorge Mendes.<\/p>\n<p><em><strong>On parle beaucoup de ton agent, Jorge Mendes, comment g\u00e8res-tu \u00e7a\u00a0?<\/strong><\/em><\/p>\n<p>Je le g\u00e8re tr\u00e8s bien. Il est la pour me faire avancer. Tout ce qui est extra-sportif, c\u2019est mon p\u00e8re qui g\u00e8re. Moi, je suis focus sur le terrain. La relation s\u2019\u00e9tait faite par un interm\u00e9diaire qui a eu mon p\u00e8re au t\u00e9l\u00e9phone. Mon p\u00e8re a appr\u00e9ci\u00e9 le discours et tout s\u2019est encha\u00een\u00e9. Je l\u2019ai d\u00e9j\u00e0 rencontr\u00e9 et j\u2019ai \u00e9chang\u00e9 avec lui, je suis content.<\/p>\n<p><em><strong>Comment se sont pass\u00e9s tes \u00e9changes avec lui ?<\/strong><\/em><\/p>\n<p>\u00a0On a parl\u00e9 comme des hommes, c\u2019\u00e9tait la premi\u00e8re fois que je le voyais. Il m\u2019a donn\u00e9 des conseils, mais il parle plus avec mon p\u00e8re. Moi, je ne pense qu\u2019au terrain.<\/p>\n<p><em><strong>Il t\u2019a fait quelle impression\u00a0? Sachant qu\u2019il g\u00e8re Cristiano Ronaldo\u2026<\/strong><\/em><\/p>\n<p>Au d\u00e9but, \u00e7a impressionne forc\u00e9ment, surtout quand on voit les joueurs qu\u2019il g\u00e8re. Qu\u2019il se d\u00e9place pour moi, c\u2019\u00e9tait une immense fiert\u00e9. J\u2019\u00e9tais tr\u00e8s content de le voir en vrai.<\/p>\n<p><strong>Publi\u00e9 dans :<\/strong> <span>Rayan Ait-Nouri<\/span><\/p>\n<\/div>\n<p>Auteur:<br \/>\n<a href=\"http:\/\/www.lebuteur.com\/article\/detail?titre=angers-ait-nouri-evoque-son-entretien-avec-son-agent-jorge-mendes&#038;id=93622&#038;utm_source=feedburner&#038;utm_medium=feed&#038;utm_campaign=Feed%3A+GalerieFArtciles+%28Les+derniers+articles++-+lebuteur.com%29\">Cliquez ici pour lire l&rsquo;article depuis sa source.<\/a><\/p>\n","protected":false},"excerpt":{"rendered":"<p>Auteur : lundi 16 d\u00e9cembre 2019 20:29 Dans notre num\u00e9ro 331 Onze Mondial, le joueur alg\u00e9rien s&rsquo;est livr\u00e9 sur sa relation avec son agent et ses \u00e9changes avec lui. Un certain, Jorge Mendes. On parle beaucoup de ton agent, Jorge Mendes, comment g\u00e8res-tu \u00e7a\u00a0? Je le g\u00e8re tr\u00e8s bien. Il est la pour me faire [&hellip;]<\/p>\n","protected":false},"author":1738,"featured_media":70399,"comment_status":"closed","ping_status":"closed","sticky":false,"template":"","format":"standard","meta":{"fifu_image_url":"","fifu_image_alt":"","footnotes":""},"categories":[53,75],"tags":[],"class_list":["post-70398","post","type-post","status-publish","format-standard","has-post-thumbnail","hentry","category-algerie","category-sport"],"_links":{"self":[{"href":"https:\/\/linitiative.ca\/International\/wp-json\/wp\/v2\/posts\/70398","targetHints":{"allow":["GET"]}}],"collection":[{"href":"https:\/\/linitiative.ca\/International\/wp-json\/wp\/v2\/posts"}],"about":[{"href":"https:\/\/linitiative.ca\/International\/wp-json\/wp\/v2\/types\/post"}],"author":[{"embeddable":true,"href":"https:\/\/linitiative.ca\/International\/wp-json\/wp\/v2\/users\/1738"}],"replies":[{"embeddable":true,"href":"https:\/\/linitiative.ca\/International\/wp-json\/wp\/v2\/comments?post=70398"}],"version-history":[{"count":0,"href":"https:\/\/linitiative.ca\/International\/wp-json\/wp\/v2\/posts\/70398\/revisions"}],"wp:featuredmedia":[{"embeddable":true,"href":"https:\/\/linitiative.ca\/International\/wp-json\/"}],"wp:attachment":[{"href":"https:\/\/linitiative.ca\/International\/wp-json\/wp\/v2\/media?parent=70398"}],"wp:term":[{"taxonomy":"category","embeddable":true,"href":"https:\/\/linitiative.ca\/International\/wp-json\/wp\/v2\/categories?post=70398"},{"taxonomy":"post_tag","embeddable":true,"href":"https:\/\/linitiative.ca\/International\/wp-json\/wp\/v2\/tags?post=70398"}],"curies":[{"name":"wp","href":"https:\/\/api.w.org\/{rel}","templated":true}]}}