{"id":70400,"date":"2019-12-15T18:00:00","date_gmt":"2019-12-15T23:00:00","guid":{"rendered":"https:\/\/linitiative.ca\/International\/reunion-des-ministres-africains-du-commerce-said-djellab-a-accra\/"},"modified":"2019-12-15T18:00:00","modified_gmt":"2019-12-15T23:00:00","slug":"reunion-des-ministres-africains-du-commerce-said-djellab-a-accra","status":"publish","type":"post","link":"https:\/\/linitiative.ca\/International\/reunion-des-ministres-africains-du-commerce-said-djellab-a-accra\/","title":{"rendered":"R\u00e9union des ministres africains du Commerce :  SAID Djellab \u00e0 Accra"},"content":{"rendered":"<p>Le ministre du Commerce, Sa\u00efd Djellab, participe \u00e0 Accra \u00e0 la r\u00e9union des ministres africains du Commerce de la Zone de libre-\u00e9change continentale africaine (ZLECAf), dont les travaux ont d\u00e9but\u00e9 samedi, a indiqu\u00e9, hier, un communiqu\u00e9 du minist\u00e8re. A rappeler que le pr\u00e9sident ghan\u00e9en, Nana Akufo-Addo avait pr\u00e9sid\u00e9, samedi, l&rsquo;ouverture officielle de ces travaux qui ont pris fin hier.<br \/>Selon la m\u00eame source, cette r\u00e9union de deux jours porte sur \u00abl&rsquo;examen des entraves au d\u00e9veloppement des \u00e9changes commerciaux entre les pays africains suite \u00e0 l&rsquo;activation de la ZLECAf notamment les restrictions douani\u00e8res et ce, pour faciliter la circulation des biens et marchandises, \u00e0 travers le lancement de plateformes logistiques et la lev\u00e9e des entraves \u00e0 la croissance de l&rsquo;\u00e9conomie africaine\u00bb. Outre l&rsquo;examen des questions li\u00e9es aux r\u00e8gles d&rsquo;origine r\u00e9gissant la classification des produits, les ministres africains du Commerce auront \u00e9galement \u00e0 \u00e9voquer \u00ables modalit\u00e9s de cl\u00f4ture des premier et deuxi\u00e8me rounds de n\u00e9gociations consacr\u00e9s essentiellement aux probl\u00e9matiques de la concurrence, de l&rsquo;investissement et de la propri\u00e9t\u00e9 intellectuelle.\u00bb L&rsquo;Alg\u00e9rie s&rsquo;engage \u00e0 respecter \u00abla mise en \u0153uvre des clauses de la convention de la ZLECAf, \u00e0 travers l&rsquo;organisation des diff\u00e9rentes manifestations \u00e9conomiques et l&rsquo;accompagnement des op\u00e9rateurs \u00e9conomiques \u00e0 l&rsquo;exportation\u00bb, pr\u00e9cise le communiqu\u00e9.<br \/>Par ailleurs, les ministres africains du Commerce participant \u00e0 cette r\u00e9union ont f\u00e9licit\u00e9 M. Djellab, \u00e0 l&rsquo;occasion de l&rsquo;\u00e9lection de M. Abdelmadjid Tebboune, pr\u00e9sident de la R\u00e9publique alg\u00e9rienne.<\/p>\n<p>Auteur: elmoudjahid<br \/>\n<a href=\"http:\/\/www.elmoudjahid.com\/fr\/actualites\/145884\">Cliquez ici pour lire l&rsquo;article depuis sa source.<\/a><\/p>\n","protected":false},"excerpt":{"rendered":"<p>Le ministre du Commerce, Sa\u00efd Djellab, participe \u00e0 Accra \u00e0 la r\u00e9union des ministres africains du Commerce de la Zone de libre-\u00e9change continentale africaine (ZLECAf), dont les travaux ont d\u00e9but\u00e9 samedi, a indiqu\u00e9, hier, un communiqu\u00e9 du minist\u00e8re. A rappeler que le pr\u00e9sident ghan\u00e9en, Nana Akufo-Addo avait pr\u00e9sid\u00e9, samedi, l&rsquo;ouverture officielle de ces travaux qui [&hellip;]<\/p>\n","protected":false},"author":1744,"featured_media":0,"comment_status":"closed","ping_status":"closed","sticky":false,"template":"","format":"standard","meta":{"fifu_image_url":"","fifu_image_alt":"","footnotes":""},"categories":[73,53],"tags":[],"class_list":["post-70400","post","type-post","status-publish","format-standard","hentry","category-actualite","category-algerie"],"_links":{"self":[{"href":"https:\/\/linitiative.ca\/International\/wp-json\/wp\/v2\/posts\/70400","targetHints":{"allow":["GET"]}}],"collection":[{"href":"https:\/\/linitiative.ca\/International\/wp-json\/wp\/v2\/posts"}],"about":[{"href":"https:\/\/linitiative.ca\/International\/wp-json\/wp\/v2\/types\/post"}],"author":[{"embeddable":true,"href":"https:\/\/linitiative.ca\/International\/wp-json\/wp\/v2\/users\/1744"}],"replies":[{"embeddable":true,"href":"https:\/\/linitiative.ca\/International\/wp-json\/wp\/v2\/comments?post=70400"}],"version-history":[{"count":0,"href":"https:\/\/linitiative.ca\/International\/wp-json\/wp\/v2\/posts\/70400\/revisions"}],"wp:attachment":[{"href":"https:\/\/linitiative.ca\/International\/wp-json\/wp\/v2\/media?parent=70400"}],"wp:term":[{"taxonomy":"category","embeddable":true,"href":"https:\/\/linitiative.ca\/International\/wp-json\/wp\/v2\/categories?post=70400"},{"taxonomy":"post_tag","embeddable":true,"href":"https:\/\/linitiative.ca\/International\/wp-json\/wp\/v2\/tags?post=70400"}],"curies":[{"name":"wp","href":"https:\/\/api.w.org\/{rel}","templated":true}]}}