{"id":70402,"date":"2019-12-15T18:00:00","date_gmt":"2019-12-15T23:00:00","guid":{"rendered":"https:\/\/linitiative.ca\/International\/deces-du-journaliste-et-ecrivain-souhil-khaldi-un-monument-du-paysage-mediatique\/"},"modified":"2019-12-15T18:00:00","modified_gmt":"2019-12-15T23:00:00","slug":"deces-du-journaliste-et-ecrivain-souhil-khaldi-un-monument-du-paysage-mediatique","status":"publish","type":"post","link":"https:\/\/linitiative.ca\/International\/deces-du-journaliste-et-ecrivain-souhil-khaldi-un-monument-du-paysage-mediatique\/","title":{"rendered":"D\u00e9c\u00e8s du journaliste et \u00e9crivain Souhil Khaldi : Un monument du paysage m\u00e9diatique"},"content":{"rendered":"<p>Le journaliste et \u00e9crivain, Zerguin Souhil, plus connu sous le nom de Souhil Khaldi, est d\u00e9c\u00e9d\u00e9 hier \u00e0 l&rsquo;\u00e2ge de 77 ans, a-t-on appris aupr\u00e8s de son entourage.<br \/>Monument du paysage m\u00e9diatique et culturel national, ic\u00f4ne de la presse, Zerguin Souhil, natif de la localit\u00e9 de Semakh en Palestine, en 1942, est issu d&rsquo;une famille de d\u00e9port\u00e9s alg\u00e9riens en 1840.<br \/>Il \u00e9tait journaliste \u00e0 El Moudjahid Hebdo entre 1972 et 1975, puis \u00e0 la revue Wa\u00e2y Al Oumal en Irak, entre 1975 et 1979. Il a occup\u00e9 \u00e9galement le poste de directeur de r\u00e9daction du quotidien Arrai Al \u00e2m au Kowe\u00eft entre 1979 et 1981. En 1992, il d\u00e9cide de rentrer en Alg\u00e9rie pour occuper le poste de directeur de la r\u00e9daction culturelle du quotidien arabophone Echa\u00e2b entre 1992 et 1994, puis conseiller \u00e0 la T\u00e9l\u00e9vision alg\u00e9rienne entre 1996 et 1997. Il a termin\u00e9 sa carri\u00e8re en tant que chroniqueur \u00e0 Al Djaza\u00efr News en 2010 et \u00e0 Ecchourouk en 2012.\u00a0 Le d\u00e9funt \u00e9tait le correspondant de plusieurs m\u00e9dias du Moyen-Orient et sp\u00e9cialiste notamment de la question palestinienne. Il avait \u00e9galement une production litt\u00e9raire, avec le roman Dalal Achiqat Al Bahr (Dalal l&rsquo;amoureuse de la mer).<\/p>\n<p><strong>Condol\u00e9ances<\/strong><\/p>\n<p>Pein\u00e9 par le d\u00e9c\u00e8s du\u00a0 journaliste et \u00e9crivain, Zerguin Souhil, le ministre de la Communication, Porte-parole du gouvernement et\u00a0 ministre de la Culture par int\u00e9rim, Hassane Rabehi, pr\u00e9sente \u00e0 l&rsquo;ensemble de la famille du d\u00e9funt ses sinc\u00e8res condol\u00e9ances et l&rsquo;assure, en cette douloureuse circonstance, de son soutien et de toute sa sympathie.<br \/>Qu&rsquo;Allah accueille le d\u00e9funt en Son Vaste Paradis.<br \/>\u2018\u2018A Allah nous appartenons et \u00e0 Lui nous retournons.\u2019\u2019<\/p>\n<p>Auteur: elmoudjahid<br \/>\n<a href=\"http:\/\/www.elmoudjahid.com\/fr\/actualites\/145886\">Cliquez ici pour lire l&rsquo;article depuis sa source.<\/a><\/p>\n","protected":false},"excerpt":{"rendered":"<p>Le journaliste et \u00e9crivain, Zerguin Souhil, plus connu sous le nom de Souhil Khaldi, est d\u00e9c\u00e9d\u00e9 hier \u00e0 l&rsquo;\u00e2ge de 77 ans, a-t-on appris aupr\u00e8s de son entourage.Monument du paysage m\u00e9diatique et culturel national, ic\u00f4ne de la presse, Zerguin Souhil, natif de la localit\u00e9 de Semakh en Palestine, en 1942, est issu d&rsquo;une famille de [&hellip;]<\/p>\n","protected":false},"author":1744,"featured_media":0,"comment_status":"closed","ping_status":"closed","sticky":false,"template":"","format":"standard","meta":{"fifu_image_url":"","fifu_image_alt":"","footnotes":""},"categories":[73,53],"tags":[],"class_list":["post-70402","post","type-post","status-publish","format-standard","hentry","category-actualite","category-algerie"],"_links":{"self":[{"href":"https:\/\/linitiative.ca\/International\/wp-json\/wp\/v2\/posts\/70402","targetHints":{"allow":["GET"]}}],"collection":[{"href":"https:\/\/linitiative.ca\/International\/wp-json\/wp\/v2\/posts"}],"about":[{"href":"https:\/\/linitiative.ca\/International\/wp-json\/wp\/v2\/types\/post"}],"author":[{"embeddable":true,"href":"https:\/\/linitiative.ca\/International\/wp-json\/wp\/v2\/users\/1744"}],"replies":[{"embeddable":true,"href":"https:\/\/linitiative.ca\/International\/wp-json\/wp\/v2\/comments?post=70402"}],"version-history":[{"count":0,"href":"https:\/\/linitiative.ca\/International\/wp-json\/wp\/v2\/posts\/70402\/revisions"}],"wp:attachment":[{"href":"https:\/\/linitiative.ca\/International\/wp-json\/wp\/v2\/media?parent=70402"}],"wp:term":[{"taxonomy":"category","embeddable":true,"href":"https:\/\/linitiative.ca\/International\/wp-json\/wp\/v2\/categories?post=70402"},{"taxonomy":"post_tag","embeddable":true,"href":"https:\/\/linitiative.ca\/International\/wp-json\/wp\/v2\/tags?post=70402"}],"curies":[{"name":"wp","href":"https:\/\/api.w.org\/{rel}","templated":true}]}}