{"id":70403,"date":"2019-12-15T18:00:00","date_gmt":"2019-12-15T23:00:00","guid":{"rendered":"https:\/\/linitiative.ca\/International\/diasporas-et-edification-de-letat-une-delegation-du-conseil-de-la-nation-en-georgie\/"},"modified":"2019-12-15T18:00:00","modified_gmt":"2019-12-15T23:00:00","slug":"diasporas-et-edification-de-letat-une-delegation-du-conseil-de-la-nation-en-georgie","status":"publish","type":"post","link":"https:\/\/linitiative.ca\/International\/diasporas-et-edification-de-letat-une-delegation-du-conseil-de-la-nation-en-georgie\/","title":{"rendered":"Diasporas et \u00e9dification de l\u2019\u00e9tat :  Une d\u00e9l\u00e9gation du Conseil  de la nation en G\u00e9orgie"},"content":{"rendered":"<p>Le Conseil de la nation prendra part, aujourd\u2019hui dans la capitale g\u00e9orgienne Tbilissi, aux travaux d\u2019une conf\u00e9rence sur \u00abla participation active des diasporas aux processus d\u2019\u00e9dification de l\u2019Etat\u00bb, organis\u00e9e par le r\u00e9seau parlementaire sur les politiques des diasporas de l\u2019Assembl\u00e9e parlementaire du Conseil de l\u2019Europe (APCE). L\u2019ordre du jour de cette rencontre porte sur plusieurs th\u00e8mes dont \u00ables m\u00e9canismes de participation des diasporas \u00e0 l\u2019\u00e9dification de l\u2019Etat et le r\u00f4le des diasporas dans l\u2019image positive \u00e0 donner \u00e0 leurs pays d\u2019origine\u00bb, pr\u00e9cise la m\u00eame source.\u00a0\u00a0<\/p>\n<p>Auteur: elmoudjahid<br \/>\n<a href=\"http:\/\/www.elmoudjahid.com\/fr\/actualites\/145887\">Cliquez ici pour lire l&rsquo;article depuis sa source.<\/a><\/p>\n","protected":false},"excerpt":{"rendered":"<p>Le Conseil de la nation prendra part, aujourd\u2019hui dans la capitale g\u00e9orgienne Tbilissi, aux travaux d\u2019une conf\u00e9rence sur \u00abla participation active des diasporas aux processus d\u2019\u00e9dification de l\u2019Etat\u00bb, organis\u00e9e par le r\u00e9seau parlementaire sur les politiques des diasporas de l\u2019Assembl\u00e9e parlementaire du Conseil de l\u2019Europe (APCE). L\u2019ordre du jour de cette rencontre porte sur plusieurs [&hellip;]<\/p>\n","protected":false},"author":1744,"featured_media":0,"comment_status":"closed","ping_status":"closed","sticky":false,"template":"","format":"standard","meta":{"fifu_image_url":"","fifu_image_alt":"","footnotes":""},"categories":[73,53],"tags":[],"class_list":["post-70403","post","type-post","status-publish","format-standard","hentry","category-actualite","category-algerie"],"_links":{"self":[{"href":"https:\/\/linitiative.ca\/International\/wp-json\/wp\/v2\/posts\/70403","targetHints":{"allow":["GET"]}}],"collection":[{"href":"https:\/\/linitiative.ca\/International\/wp-json\/wp\/v2\/posts"}],"about":[{"href":"https:\/\/linitiative.ca\/International\/wp-json\/wp\/v2\/types\/post"}],"author":[{"embeddable":true,"href":"https:\/\/linitiative.ca\/International\/wp-json\/wp\/v2\/users\/1744"}],"replies":[{"embeddable":true,"href":"https:\/\/linitiative.ca\/International\/wp-json\/wp\/v2\/comments?post=70403"}],"version-history":[{"count":0,"href":"https:\/\/linitiative.ca\/International\/wp-json\/wp\/v2\/posts\/70403\/revisions"}],"wp:attachment":[{"href":"https:\/\/linitiative.ca\/International\/wp-json\/wp\/v2\/media?parent=70403"}],"wp:term":[{"taxonomy":"category","embeddable":true,"href":"https:\/\/linitiative.ca\/International\/wp-json\/wp\/v2\/categories?post=70403"},{"taxonomy":"post_tag","embeddable":true,"href":"https:\/\/linitiative.ca\/International\/wp-json\/wp\/v2\/tags?post=70403"}],"curies":[{"name":"wp","href":"https:\/\/api.w.org\/{rel}","templated":true}]}}