{"id":70404,"date":"2019-12-16T12:21:00","date_gmt":"2019-12-16T17:21:00","guid":{"rendered":"https:\/\/linitiative.ca\/International\/le-conseil-constitutionnel-proclame-les-resultats-definitifs-de-la-presidentielle-abdelmadjid-tebboune-elu-president-avec-5813\/"},"modified":"2019-12-16T12:21:00","modified_gmt":"2019-12-16T17:21:00","slug":"le-conseil-constitutionnel-proclame-les-resultats-definitifs-de-la-presidentielle-abdelmadjid-tebboune-elu-president-avec-5813","status":"publish","type":"post","link":"https:\/\/linitiative.ca\/International\/le-conseil-constitutionnel-proclame-les-resultats-definitifs-de-la-presidentielle-abdelmadjid-tebboune-elu-president-avec-5813\/","title":{"rendered":"Le conseil constitutionnel proclame les r\u00e9sultats d\u00e9finitifs de la pr\u00e9sidentielle : Abdelmadjid Tebboune,  \u00e9lu pr\u00e9sident avec 58,13%"},"content":{"rendered":"<p><strong>Le Conseil constitutionnel a proclam\u00e9, hier en d\u00e9but de soir\u00e9e, M. Abdelmadjid Tebboune pr\u00e9sident de la R\u00e9publique alg\u00e9rienne d\u00e9mocratique et populaire, suite \u00e0 sa victoire\u00a0 \u00e0 la pr\u00e9sidentielle du 12 d\u00e9cembre avec 58,13% des suffrages exprim\u00e9s.<\/strong><\/p>\n<p>Le pr\u00e9sident de la R\u00e9publique \u00e9lu entrera en fonction directement apr\u00e8s la prestation de serment, conform\u00e9ment \u00e0 l&rsquo;article 89 de la Constitution.<br \/>En application de l&rsquo;alin\u00e9a 2 de l&rsquo;article 85 de la loi fondamentale du pays, le pr\u00e9sident du Conseil constitutionnel, Kamel Fenniche, a proclam\u00e9 pr\u00e9sident de la R\u00e9publique, M. Abdelmadjid Tebboune, dont l&rsquo;\u00e9lection est acquise, aux termes de l&rsquo;article 89 de la Constitution, \u00e0 la majorit\u00e9 absolue des suffrages exprim\u00e9s<br \/>La proclamation des r\u00e9sultats officiels de l\u2019\u00e9lection du pr\u00e9sident de la R\u00e9publique sera publi\u00e9e au Journal Officiel.<br \/>Au vu des r\u00e9sultats consign\u00e9s dans les PV de recensement et de d\u00e9pouillement, et apr\u00e8s rectification des erreurs mat\u00e9rielles, et en l&rsquo;absence de tout recours, le Conseil constitutionnel a arr\u00eat\u00e9 les r\u00e9sultats de l&rsquo;\u00e9lection du pr\u00e9sident de la R\u00e9publique de M. Abdelmadjid Tebboune \u00e0 la majorit\u00e9 des suffrages avec 4.947.523 voix, soit un taux de 58,13%, a pr\u00e9cis\u00e9 M. Fenniche.<br \/>Le candidat du Mouvement Al Bina, Abdelkader Bengrina, s&rsquo;est class\u00e9 deuxi\u00e8me avec 1.477.836 voix (17,37%), suivi par le candidat du parti Talai El Houriate, Ali Benflis avec 897.831 voix (10,55%).<br \/>Les candidats Azzedine Mihoubi et Abdelaziz Bela\u00efd ont obtenu respectivement 619.225 voix (7,28%) et 568.000 voix (6,67%).<br \/>S&rsquo;agissant des r\u00e9sultats d\u00e9finitifs du scrutin pr\u00e9sidentiel au niveau du territoire national, le Conseil constitutionnel a pr\u00e9cis\u00e9 que le nombre des \u00e9lecteurs inscrits est de 23.559.853, le nombre des votants 9.675.515, soit un taux estim\u00e9 \u00e0 41,07%, faisant \u00e9tat de l&rsquo;annulation de 1.233.460 de bulletins de vote et de 8.442.055 suffrages exprim\u00e9s.<br \/>Quant aux r\u00e9sultats d\u00e9finitifs avec la communaut\u00e9 alg\u00e9rienne \u00e9tablie \u00e0 l&rsquo;\u00e9tranger, le Conseil a d\u00e9clar\u00e9 que le nombre des \u00e9lecteurs inscrits est de 24.464.161 et le nombre des votants 9.755.340, soit un taux estim\u00e9 \u00e0 39,88%, faisant \u00e9tat de 1.244.925 bulletin annul\u00e9s, et un nombre de suffrages exprim\u00e9s de 8.510.415.<br \/>Commentant ces r\u00e9sultats, le Conseil constitutionnel a indiqu\u00e9 que l&rsquo;\u00e9lection pr\u00e9sidentielle \u00abs&rsquo;est d\u00e9roul\u00e9e dans de bonnes conditions, ce qui a permis aux \u00e9lecteurs d&rsquo;exercer pleinement leur droit constitutionnel et d&rsquo;\u00e9lire le candidat qu&rsquo;ils ont estim\u00e9 apte \u00e0 diriger le pays\u00bb, affirmant, dans ce sens, \u00abla r\u00e9gularit\u00e9 et la transparence du scrutin\u00bb conform\u00e9ment aux garanties pr\u00e9vues par la Constitution et la loi organique relative au r\u00e9gime \u00e9lectoral ainsi qu&rsquo;aux textes d&rsquo;application y aff\u00e9rents\u00bb.<br \/>Partant, le Conseil constitutionnel a f\u00e9licit\u00e9 le peuple alg\u00e9rien pour la r\u00e9ussite de ce rendez-vous \u00e9lectoral \u00abd\u00e9cisif\u00bb et le pr\u00e9sident de la R\u00e9publique \u00e9lu, en lui souhaitant le succ\u00e8s dans ses nobles missions\u00bb.<\/p>\n<p>&#8212;&#8212;&#8212;&#8212;&#8212;&#8212;&#8212;&#8212;&#8212;&#8212;&#8212;&#8212;&#8212;&#8212;<\/p>\n<p><strong>Messages\u00a0 de f\u00e9licitations\u00a0 au Pr\u00e9sident \u00e9lu<\/strong><\/p>\n<p>M. Abdelmadjid Tebboune a re\u00e7u les f\u00e9licitations de plusieurs chefs d\u2019Etat et de gouvernement \u00e0 la suite de son \u00e9lection \u00e0 la pr\u00e9sidence de la R\u00e9publique, jeudi avec 58,15% des voix exprim\u00e9es.<br \/>L&rsquo;Emir de l&rsquo;Etat du Kowe\u00eft, Cheikh Sabah Al-Ahmed Al-Djabir Al-Sabah dans son message de f\u00e9licitations au pr\u00e9sident \u00e9lu, s\u2019est dit r\u00e9joui des bonnes relations unissant le Kowe\u00eft et l&rsquo;Alg\u00e9rie. Il a, en outre, affirm\u00e9 son souci \u00abpermanent et commun\u00bb \u00e0 d\u00e9velopper et affermir les relations bilat\u00e9rales dans divers domaines. \u00a0<br \/>\u00abNous saluons votre victoire avec une immense satisfaction, en reconnaissant en vous, fr\u00e8re Tebboune, et en votre leadership, ces id\u00e9aux humanistes qui animent vos politiques \u00e0 la t\u00eate de cette Alg\u00e9rie attachante et toujours admirable\u00bb, a \u00e9crit pour sa part le pr\u00e9sident du Gouvernement de R\u00e9conciliation et d&rsquo;Unit\u00e9 nationale du Nicaragua, Daniel Ortega Saavedra, ainsi que son \u00e9pouse et vice-pr\u00e9sidente, Rosario Murillo. Le couple pr\u00e9sidentiel a \u00e9galement tenu, \u00e0 cette occasion, \u00e0 r\u00e9affirmer sa \u00abvolont\u00e9 de continuer \u00e0 promouvoir les relations bilat\u00e9rales, l&rsquo;amiti\u00e9 et la coop\u00e9ration entre les deux peuples et pays fr\u00e8res\u00bb.\u00a0 De son c\u00f4t\u00e9, le pr\u00e9sident de la R\u00e9publique du Mali, Ibrahim Boubacar Keita, a f\u00e9licit\u00e9 le pr\u00e9sident Tebboune pour sa \u00abbrillante \u00e9lection \u00e0 la magistrature supr\u00eame\u00bb de son pays.\u00a0 Le pr\u00e9sident Keita a exprim\u00e9 sa \u00abconstante disponibilit\u00e9 \u00e0 \u0153uvrer au renforcement des excellentes relations d&rsquo;amiti\u00e9 et de coop\u00e9ration existant entre les deux pays\u00bb.<br \/>L&rsquo;Iran a adress\u00e9, de son c\u00f4t\u00e9, ses f\u00e9licitations \u00e0 la nation et au gouvernement alg\u00e9riens, qualifiant l&rsquo;\u00e9lection pr\u00e9sidentielle du 12 d\u00e9cembre d&rsquo;\u00ab\u00e9tape majeure pour la r\u00e9alisation de la d\u00e9mocratie, du d\u00e9veloppement et de la prosp\u00e9rit\u00e9 dans la s\u00e9r\u00e9nit\u00e9\u00bb.<br \/>Dans une d\u00e9claration publi\u00e9e dimanche sur le site du minist\u00e8re iranien des Affaires \u00e9trang\u00e8res, le porte-parole du minist\u00e8re, Abbas Mousavi, s&rsquo;est f\u00e9licit\u00e9 de la tenue r\u00e9ussie des \u00e9lections pr\u00e9sidentielles en Alg\u00e9rie. Il a exprim\u00e9, \u00e9galement, l&rsquo;espoir que \u00ables relations bilat\u00e9rales entre l&rsquo;Iran et l&rsquo;Alg\u00e9rie s&rsquo;approfondiraient et se d\u00e9velopperaient au cours du mandat du nouveau pr\u00e9sident\u00bb Abdelmadjid Tebboune. Par ailleurs, plusieurs personnalit\u00e9s tunisiennes ont adress\u00e9 leurs f\u00e9licitations au nouveau pr\u00e9sident \u00e9lu et au peuple alg\u00e9rien, \u00e0 l&rsquo;image du pr\u00e9sident de l&rsquo;Assembl\u00e9e des repr\u00e9sentants du peuple (parlement tunisien), M. Rached Ghanouchi qui a pris attache avec l&rsquo;ambassadeur d&rsquo;Alg\u00e9rie \u00e0 Tunis pour lui faire part de \u00abses f\u00e9licitations les plus chaleureuses au pr\u00e9sident \u00e9lu, M. Abdelmadjid Tebboune et de ses v\u0153ux de r\u00e9ussite et de succ\u00e8s\u00bb.<\/p>\n<p>Auteur: elmoudjahid<br \/>\n<a href=\"http:\/\/www.elmoudjahid.com\/fr\/actualites\/145889\">Cliquez ici pour lire l&rsquo;article depuis sa source.<\/a><\/p>\n","protected":false},"excerpt":{"rendered":"<p>Le Conseil constitutionnel a proclam\u00e9, hier en d\u00e9but de soir\u00e9e, M. Abdelmadjid Tebboune pr\u00e9sident de la R\u00e9publique alg\u00e9rienne d\u00e9mocratique et populaire, suite \u00e0 sa victoire\u00a0 \u00e0 la pr\u00e9sidentielle du 12 d\u00e9cembre avec 58,13% des suffrages exprim\u00e9s. Le pr\u00e9sident de la R\u00e9publique \u00e9lu entrera en fonction directement apr\u00e8s la prestation de serment, conform\u00e9ment \u00e0 l&rsquo;article 89 [&hellip;]<\/p>\n","protected":false},"author":1744,"featured_media":0,"comment_status":"closed","ping_status":"closed","sticky":false,"template":"","format":"standard","meta":{"fifu_image_url":"","fifu_image_alt":"","footnotes":""},"categories":[73,53],"tags":[],"class_list":["post-70404","post","type-post","status-publish","format-standard","hentry","category-actualite","category-algerie"],"_links":{"self":[{"href":"https:\/\/linitiative.ca\/International\/wp-json\/wp\/v2\/posts\/70404","targetHints":{"allow":["GET"]}}],"collection":[{"href":"https:\/\/linitiative.ca\/International\/wp-json\/wp\/v2\/posts"}],"about":[{"href":"https:\/\/linitiative.ca\/International\/wp-json\/wp\/v2\/types\/post"}],"author":[{"embeddable":true,"href":"https:\/\/linitiative.ca\/International\/wp-json\/wp\/v2\/users\/1744"}],"replies":[{"embeddable":true,"href":"https:\/\/linitiative.ca\/International\/wp-json\/wp\/v2\/comments?post=70404"}],"version-history":[{"count":0,"href":"https:\/\/linitiative.ca\/International\/wp-json\/wp\/v2\/posts\/70404\/revisions"}],"wp:attachment":[{"href":"https:\/\/linitiative.ca\/International\/wp-json\/wp\/v2\/media?parent=70404"}],"wp:term":[{"taxonomy":"category","embeddable":true,"href":"https:\/\/linitiative.ca\/International\/wp-json\/wp\/v2\/categories?post=70404"},{"taxonomy":"post_tag","embeddable":true,"href":"https:\/\/linitiative.ca\/International\/wp-json\/wp\/v2\/tags?post=70404"}],"curies":[{"name":"wp","href":"https:\/\/api.w.org\/{rel}","templated":true}]}}