{"id":70405,"date":"2019-12-16T05:16:47","date_gmt":"2019-12-16T10:16:47","guid":{"rendered":"https:\/\/linitiative.ca\/International\/99015-jm-oran-2021-impliquer-les-responsables-des-universites-dans-la-mobilisation-des-benevoles\/"},"modified":"2019-12-16T05:16:47","modified_gmt":"2019-12-16T10:16:47","slug":"99015-jm-oran-2021-impliquer-les-responsables-des-universites-dans-la-mobilisation-des-benevoles","status":"publish","type":"post","link":"https:\/\/linitiative.ca\/International\/99015-jm-oran-2021-impliquer-les-responsables-des-universites-dans-la-mobilisation-des-benevoles\/","title":{"rendered":"JM Oran-2021: impliquer les responsables des universit\u00e9s dans la mobilisation des b\u00e9n\u00e9voles"},"content":{"rendered":"<div readability=\"37\">\n<p><strong>ORAN- La commission B\u00e9n\u00e9volat et Formation table sur l\u2019implication des responsables des \u00e9tablissements universitaires pour r\u00e9ussir sa campagne de mobilisation d\u2019un maximum de b\u00e9n\u00e9voles issus du milieu universitaire, au titre des jeux m\u00e9diterran\u00e9ens de 2021 qui auront lieu dans la capitale de l\u2019Ouest, a-t-on appris lundi de cette commission.<\/strong><\/p>\n<\/div>\n<div readability=\"88.8094655243\">\n<p>Pour ce faire, des rencontres entre les deux parties ont eu lieu en marge du premier jour des travaux du colloque international sur \u00ab\u00a0les technologies de l&rsquo;information au service du tourisme innovant de la ville d\u2019Oran\u00a0\u00bb, ouvert dimanche \u00e0 l\u2019Universit\u00e9 d\u2019Oran 1 \u00ab\u00a0Ahmed Benbella\u00a0\u00bb.<\/p>\n<p>L &lsquo;objectif est de tracer une feuille de route \u00e0 l&rsquo;effet de mobiliser un grand nombre d\u2019\u00e9tudiants universitaires, et ce, au titre des actions de b\u00e9n\u00e9volat que compte lancer la commission concern\u00e9e avant et durant la 19<sup>e<\/sup> \u00e9dition des JM, pr\u00e9vus du 25 juin au 5 juillet 2021 \u00e0 Oran, pr\u00e9cise-t-on.<\/p>\n<p>La tenue \u00e0 l\u2019universit\u00e9 d\u2019Oran 1 du colloque international en question a permis, d\u2019ores et d\u00e9j\u00e0, l\u2019inscription \u00ab\u00a0d\u2019un nombre important de jeunes \u00e9tudiants souhaitant contribuer dans l\u2019organisation du rendez-vous m\u00e9diterran\u00e9en en tant que b\u00e9n\u00e9voles\u00a0\u00bb, s\u2019est encore f\u00e9licit\u00e9 la commission b\u00e9n\u00e9volat et formation, qui est pass\u00e9e depuis quelques semaines \u00e0 la vitesse sup\u00e9rieure en mati\u00e8re de mobilisation des b\u00e9n\u00e9voles en lan\u00e7ant une vaste op\u00e9ration d\u2019inscription des volontaires, notamment dans les milieux universitaires.<\/p>\n<hr\/>\n<p><span class=\"c30\"><strong>Lire aussi:\u00a0<\/strong><\/span><a href=\"http:\/\/www.aps.dz\/sport\/92228-jm-oran-2021-inscription-de-3-400-candidats-au-benevolat\">JM Oran-2021: inscription de 3.400 candidats au b\u00e9n\u00e9volat<\/a><\/p>\n<hr\/>\n<p>Les organisateurs des jeux m\u00e9diterran\u00e9ens tablent sur la participation d\u2019au moins 3.000 b\u00e9n\u00e9voles dans l\u2019organisation de la manifestation sportive r\u00e9gionale, conform\u00e9ment aux directives du Comit\u00e9 d\u2019organisation de la 19\u00e8me \u00e9dition des Jeux m\u00e9diterran\u00e9ens (COJM), rappelle-t-on.<\/p>\n<p>Lors de sa r\u00e9cente visite \u00e0 Oran, le ministre de la Jeunesse et des Sports, Raouf Salim Bernaoui, a insist\u00e9, lors d\u2019un point de presse \u00e0 l\u2019issue des travaux du Conseil ex\u00e9cutif du COJM, sur la n\u00e9cessit\u00e9 de faire contribuer des jeunes de toutes les r\u00e9gions du pays, \u00ab\u00a0notamment du sud\u00a0\u00bb, dans les actions de b\u00e9n\u00e9volat du comit\u00e9 d\u2019organisation de l\u2019\u00e9v\u00e8nement.<\/p>\n<p>Les jeunes b\u00e9n\u00e9voles qui seront retenus officiellement pour cette op\u00e9ration, b\u00e9n\u00e9ficieront d\u2019un cursus de formation sp\u00e9cial, rassure-t-on du c\u00f4t\u00e9 de la dite commission, qui a d\u00e9j\u00e0 commenc\u00e9 \u00e0 donner des cours dans ce registre au niveau du centre des jeunes et de loisirs sis \u00e0 la cit\u00e9 Djamel Eddine, souligne-t-on.<\/p>\n<p>La perspective des JM, un \u00e9v\u00e8nement que l\u2019Alg\u00e9rie accueille pour la deuxi\u00e8me fois de son histoire, est aussi au c\u0153ur du colloque international qu\u2019abrite l\u2019Universit\u00e9 \u00ab\u00a0Ahmed-Benbella\u00a0\u00bb pendant trois jours, informe-t-on.<\/p>\n<\/div>\n<p>Auteur:<br \/>\n<a href=\"http:\/\/www.aps.dz\/sport\/99015-jm-oran-2021-impliquer-les-responsables-des-universites-dans-la-mobilisation-des-benevoles?utm_source=feedburner&#038;utm_medium=feed&#038;utm_campaign=Feed%3A+aps-sport+%28APS+-+SPORT%29\">Cliquez ici pour lire l&rsquo;article depuis sa source.<\/a><\/p>\n","protected":false},"excerpt":{"rendered":"<p>ORAN- La commission B\u00e9n\u00e9volat et Formation table sur l\u2019implication des responsables des \u00e9tablissements universitaires pour r\u00e9ussir sa campagne de mobilisation d\u2019un maximum de b\u00e9n\u00e9voles issus du milieu universitaire, au titre des jeux m\u00e9diterran\u00e9ens de 2021 qui auront lieu dans la capitale de l\u2019Ouest, a-t-on appris lundi de cette commission. Pour ce faire, des rencontres entre [&hellip;]<\/p>\n","protected":false},"author":1790,"featured_media":0,"comment_status":"closed","ping_status":"closed","sticky":false,"template":"","format":"standard","meta":{"fifu_image_url":"","fifu_image_alt":"","footnotes":""},"categories":[53,75],"tags":[],"class_list":["post-70405","post","type-post","status-publish","format-standard","hentry","category-algerie","category-sport"],"_links":{"self":[{"href":"https:\/\/linitiative.ca\/International\/wp-json\/wp\/v2\/posts\/70405","targetHints":{"allow":["GET"]}}],"collection":[{"href":"https:\/\/linitiative.ca\/International\/wp-json\/wp\/v2\/posts"}],"about":[{"href":"https:\/\/linitiative.ca\/International\/wp-json\/wp\/v2\/types\/post"}],"author":[{"embeddable":true,"href":"https:\/\/linitiative.ca\/International\/wp-json\/wp\/v2\/users\/1790"}],"replies":[{"embeddable":true,"href":"https:\/\/linitiative.ca\/International\/wp-json\/wp\/v2\/comments?post=70405"}],"version-history":[{"count":0,"href":"https:\/\/linitiative.ca\/International\/wp-json\/wp\/v2\/posts\/70405\/revisions"}],"wp:attachment":[{"href":"https:\/\/linitiative.ca\/International\/wp-json\/wp\/v2\/media?parent=70405"}],"wp:term":[{"taxonomy":"category","embeddable":true,"href":"https:\/\/linitiative.ca\/International\/wp-json\/wp\/v2\/categories?post=70405"},{"taxonomy":"post_tag","embeddable":true,"href":"https:\/\/linitiative.ca\/International\/wp-json\/wp\/v2\/tags?post=70405"}],"curies":[{"name":"wp","href":"https:\/\/api.w.org\/{rel}","templated":true}]}}