{"id":70409,"date":"2019-12-16T09:51:00","date_gmt":"2019-12-16T14:51:00","guid":{"rendered":"https:\/\/linitiative.ca\/International\/lancien-ministre-mohamed-hattab-auditionne\/"},"modified":"2019-12-16T09:51:00","modified_gmt":"2019-12-16T14:51:00","slug":"lancien-ministre-mohamed-hattab-auditionne","status":"publish","type":"post","link":"https:\/\/linitiative.ca\/International\/lancien-ministre-mohamed-hattab-auditionne\/","title":{"rendered":"L\u2019ancien ministre Mohamed Hattab auditionn\u00e9"},"content":{"rendered":"<p><br id=\"sep_para_1\" class=\"sep_para access\"\/><\/p>\n<div id=\"para_1\" class=\"para_34518111 resize\">\n<div class=\"photo shadow left\"><a href=\"javascript:void(0)\" rel=\"https:\/\/www.reflexiondz.net\/photo\/art\/grande\/40829089-34518111.jpg?v=1576523189&#038;ibox\" title=\"L\u2019ancien ministre Mohamed Hattab auditionn\u00e9\"><img decoding=\"async\" class=\"responsive c9\" src=\"https:\/\/www.reflexiondz.net\/photo\/art\/grande\/40829089-34518111.jpg?v=1576523189\" alt=\"L\u2019ancien ministre Mohamed Hattab auditionn\u00e9\" title=\"L\u2019ancien ministre Mohamed Hattab auditionn\u00e9\"\/><img decoding=\"async\" class=\"not-responsive\" src=\"https:\/\/www.reflexiondz.net\/photo\/art\/default\/40829089-34518111.jpg?v=1576523191\" alt=\"L\u2019ancien ministre Mohamed Hattab auditionn\u00e9\" title=\"L\u2019ancien ministre Mohamed Hattab auditionn\u00e9\"\/><\/a><\/div>\n<div class=\"texte access firstletter\">L\u2019ancien ministre de la Jeunesse et des sports, Mohamed Hattab, a \u00e9t\u00e9 auditionn\u00e9, lundi, par le conseiller enqu\u00eateur \u00e0 la Cour supr\u00eame. Ancien wali de Sidi Bel Abb\u00e8s et de B\u00e9ja\u00efa, Hattab devait r\u00e9pondre, \u00e0 ce titre, aux questions du magistrat sur des faits li\u00e9s \u00e0 la corruption dans le dossier \u2018\u2019Amenhyd\u2019\u2019, soci\u00e9t\u00e9 appartenant aux fr\u00e8res Chelghoum, en d\u00e9tention provisoire depuis ao\u00fbt pass\u00e9, et sp\u00e9cialis\u00e9e dans le domaine de l\u2019hydraulique. Une affaire qui \u00e9clabousse, \u00e9galement, Abdelmalek Sellal, Hocine Necib et trois autres walis.<\/div>\n<\/div>\n<p>Auteur: R\u00e9flexion<br \/>\n<a href=\"https:\/\/www.reflexiondz.net\/L-ancien-ministre-Mohamed-Hattab-auditionne_a59428.html\">Cliquez ici pour lire l&rsquo;article depuis sa source.<\/a><\/p>\n","protected":false},"excerpt":{"rendered":"<p>L\u2019ancien ministre de la Jeunesse et des sports, Mohamed Hattab, a \u00e9t\u00e9 auditionn\u00e9, lundi, par le conseiller enqu\u00eateur \u00e0 la Cour supr\u00eame. Ancien wali de Sidi Bel Abb\u00e8s et de B\u00e9ja\u00efa, Hattab devait r\u00e9pondre, \u00e0 ce titre, aux questions du magistrat sur des faits li\u00e9s \u00e0 la corruption dans le dossier \u2018\u2019Amenhyd\u2019\u2019, soci\u00e9t\u00e9 appartenant aux [&hellip;]<\/p>\n","protected":false},"author":1740,"featured_media":0,"comment_status":"closed","ping_status":"closed","sticky":false,"template":"","format":"standard","meta":{"fifu_image_url":"","fifu_image_alt":"","footnotes":""},"categories":[53,76],"tags":[],"class_list":["post-70409","post","type-post","status-publish","format-standard","hentry","category-algerie","category-regions"],"_links":{"self":[{"href":"https:\/\/linitiative.ca\/International\/wp-json\/wp\/v2\/posts\/70409","targetHints":{"allow":["GET"]}}],"collection":[{"href":"https:\/\/linitiative.ca\/International\/wp-json\/wp\/v2\/posts"}],"about":[{"href":"https:\/\/linitiative.ca\/International\/wp-json\/wp\/v2\/types\/post"}],"author":[{"embeddable":true,"href":"https:\/\/linitiative.ca\/International\/wp-json\/wp\/v2\/users\/1740"}],"replies":[{"embeddable":true,"href":"https:\/\/linitiative.ca\/International\/wp-json\/wp\/v2\/comments?post=70409"}],"version-history":[{"count":0,"href":"https:\/\/linitiative.ca\/International\/wp-json\/wp\/v2\/posts\/70409\/revisions"}],"wp:attachment":[{"href":"https:\/\/linitiative.ca\/International\/wp-json\/wp\/v2\/media?parent=70409"}],"wp:term":[{"taxonomy":"category","embeddable":true,"href":"https:\/\/linitiative.ca\/International\/wp-json\/wp\/v2\/categories?post=70409"},{"taxonomy":"post_tag","embeddable":true,"href":"https:\/\/linitiative.ca\/International\/wp-json\/wp\/v2\/tags?post=70409"}],"curies":[{"name":"wp","href":"https:\/\/api.w.org\/{rel}","templated":true}]}}