{"id":70410,"date":"2019-12-16T09:51:00","date_gmt":"2019-12-16T14:51:00","guid":{"rendered":"https:\/\/linitiative.ca\/International\/le-msp-qualifie-le-discours-de-tebboune-de-rassembleur\/"},"modified":"2019-12-16T09:51:00","modified_gmt":"2019-12-16T14:51:00","slug":"le-msp-qualifie-le-discours-de-tebboune-de-rassembleur","status":"publish","type":"post","link":"https:\/\/linitiative.ca\/International\/le-msp-qualifie-le-discours-de-tebboune-de-rassembleur\/","title":{"rendered":"Le MSP qualifie le discours de Tebboune de \u2018\u2019rassembleur\u2019\u2019"},"content":{"rendered":"<p><br id=\"sep_para_1\" class=\"sep_para access\"\/><\/p>\n<div id=\"para_1\" class=\"para_34518110 resize\">\n<div class=\"texte access firstletter\">Dans un communiqu\u00e9 rendu public lundi 16 d\u00e9cembre, le Bureau national du Mouvement de la soci\u00e9t\u00e9 pour la paix (MSP) consid\u00e8re que le discours prononc\u00e9 par le pr\u00e9sident \u00e9lu, Abdelmadjid Tebboune, apr\u00e8s l\u2019annonce des r\u00e9sultats est \u00ab rassembleur et contribue \u00e0 apaiser et ouvrir la voie au dialogue et \u00e0 la concertation \u00bb. Cependant, le MSP fait part de certaines craintes qui se justifient du fait que les \u00ab Alg\u00e9riens avaient d\u00e9j\u00e0 \u00e9cout\u00e9 des discours du genre dans le pass\u00e9, mais dont le contraire a \u00e9t\u00e9 concr\u00e9tis\u00e9 sur le terrain \u00bb. Pour le parti d\u2019Abderrazak Makri, le nouveau Pr\u00e9sident devrait prendre certaines mesures d\u2019urgence en gage de bonne foi. Il s\u2019agit principalement, selon le MSP, de la \u00ab protection des libert\u00e9s individuelles et collectives, la lib\u00e9ration des m\u00e9dias et de la justice et la lib\u00e9ration des d\u00e9tenus d\u2019opinion \u00bb.<\/div>\n<\/div>\n<p>Auteur: R\u00e9flexion<br \/>\n<a href=\"https:\/\/www.reflexiondz.net\/Le-MSP-qualifie-le-discours-de-Tebboune-de-rassembleur_a59427.html\">Cliquez ici pour lire l&rsquo;article depuis sa source.<\/a><\/p>\n","protected":false},"excerpt":{"rendered":"<p>Dans un communiqu\u00e9 rendu public lundi 16 d\u00e9cembre, le Bureau national du Mouvement de la soci\u00e9t\u00e9 pour la paix (MSP) consid\u00e8re que le discours prononc\u00e9 par le pr\u00e9sident \u00e9lu, Abdelmadjid Tebboune, apr\u00e8s l\u2019annonce des r\u00e9sultats est \u00ab rassembleur et contribue \u00e0 apaiser et ouvrir la voie au dialogue et \u00e0 la concertation \u00bb. Cependant, le [&hellip;]<\/p>\n","protected":false},"author":1740,"featured_media":0,"comment_status":"closed","ping_status":"closed","sticky":false,"template":"","format":"standard","meta":{"fifu_image_url":"","fifu_image_alt":"","footnotes":""},"categories":[53,76],"tags":[],"class_list":["post-70410","post","type-post","status-publish","format-standard","hentry","category-algerie","category-regions"],"_links":{"self":[{"href":"https:\/\/linitiative.ca\/International\/wp-json\/wp\/v2\/posts\/70410","targetHints":{"allow":["GET"]}}],"collection":[{"href":"https:\/\/linitiative.ca\/International\/wp-json\/wp\/v2\/posts"}],"about":[{"href":"https:\/\/linitiative.ca\/International\/wp-json\/wp\/v2\/types\/post"}],"author":[{"embeddable":true,"href":"https:\/\/linitiative.ca\/International\/wp-json\/wp\/v2\/users\/1740"}],"replies":[{"embeddable":true,"href":"https:\/\/linitiative.ca\/International\/wp-json\/wp\/v2\/comments?post=70410"}],"version-history":[{"count":0,"href":"https:\/\/linitiative.ca\/International\/wp-json\/wp\/v2\/posts\/70410\/revisions"}],"wp:attachment":[{"href":"https:\/\/linitiative.ca\/International\/wp-json\/wp\/v2\/media?parent=70410"}],"wp:term":[{"taxonomy":"category","embeddable":true,"href":"https:\/\/linitiative.ca\/International\/wp-json\/wp\/v2\/categories?post=70410"},{"taxonomy":"post_tag","embeddable":true,"href":"https:\/\/linitiative.ca\/International\/wp-json\/wp\/v2\/tags?post=70410"}],"curies":[{"name":"wp","href":"https:\/\/api.w.org\/{rel}","templated":true}]}}