{"id":70413,"date":"2019-12-16T13:48:00","date_gmt":"2019-12-16T18:48:00","guid":{"rendered":"https:\/\/linitiative.ca\/International\/mostaganem-un-gang-de-04-dealers-demantele-par-la-gendarmerie\/"},"modified":"2019-12-16T13:48:00","modified_gmt":"2019-12-16T18:48:00","slug":"mostaganem-un-gang-de-04-dealers-demantele-par-la-gendarmerie","status":"publish","type":"post","link":"https:\/\/linitiative.ca\/International\/mostaganem-un-gang-de-04-dealers-demantele-par-la-gendarmerie\/","title":{"rendered":"MOSTAGANEM : Un gang de 04 dealers d\u00e9mantel\u00e9 par la gendarmerie"},"content":{"rendered":"<p><br id=\"sep_para_1\" class=\"sep_para access\"\/><\/p>\n<div id=\"para_1\" class=\"para_34520812 resize\">\n<div class=\"texte access firstletter\">Dans le cadre de la lutte contre la criminalit\u00e9, notamment l&rsquo;\u00e9limination des foyers de trafiquants, le groupe r\u00e9gional de la gendarmerie nationale de Mostaganem, \u00ab Benyahia Belkacem \u00bb a organis\u00e9, avec la participation de toutes ses unit\u00e9s, \u00e0 une op\u00e9ration de raid \u00e0 grande \u00e9chelle qui\u00a0 a cibl\u00e9 plusieurs\u00a0 tani\u00e8res\u00a0 \u00e0\u00a0 criminalit\u00e9 croissante. Cette op\u00e9ration a abouti \u00e0 l&rsquo;arrestation de 04 personnes \u00e2g\u00e9es de 26 \u00e0 35 ans, avec la saisie\u00a0 de produits suivants, \u00e0 savoir : 90 comprim\u00e9s de psychotropes de marque \u00ab\u00a0 pr\u00e9gabaline 300 mg \u00bb ; 14\u00a0 autres comprim\u00e9s d\u2019hallucinog\u00e8nes de marque \u00ab\u00a0 Lyrica , pr\u00e9gabaline 150 mg \u00bb ; 38,5 g de kif trait\u00e9. Comme il a \u00e9t\u00e9 saisi \u00e9galement 144\u00a0 canettes de bi\u00e8re de 50 ml,\u00a0 et ce, en plus de\u00a0 49 400,00 dinars Alg\u00e9riens consid\u00e9r\u00e9s comme un produit financier d\u00e9coulant de transactions ill\u00e9gales. Les interpell\u00e9s ajoute la source d\u2019information, seront traduits incessamment devant les autorit\u00e9s judiciaires territorialement, comp\u00e9tentes et ce, d\u00e8s la fin de l&rsquo;enqu\u00eate en cours, au sujet de cette affaire.\u00a0\u00a0<\/div>\n<\/div>\n<p>Auteur: Y.Zahachi<br \/>\n<a href=\"https:\/\/www.reflexiondz.net\/MOSTAGANEM-Un-gang-de-04-dealers-demantele-par-la-gendarmerie_a59431.html\">Cliquez ici pour lire l&rsquo;article depuis sa source.<\/a><\/p>\n","protected":false},"excerpt":{"rendered":"<p>Dans le cadre de la lutte contre la criminalit\u00e9, notamment l&rsquo;\u00e9limination des foyers de trafiquants, le groupe r\u00e9gional de la gendarmerie nationale de Mostaganem, \u00ab Benyahia Belkacem \u00bb a organis\u00e9, avec la participation de toutes ses unit\u00e9s, \u00e0 une op\u00e9ration de raid \u00e0 grande \u00e9chelle qui\u00a0 a cibl\u00e9 plusieurs\u00a0 tani\u00e8res\u00a0 \u00e0\u00a0 criminalit\u00e9 croissante. Cette op\u00e9ration [&hellip;]<\/p>\n","protected":false},"author":1740,"featured_media":0,"comment_status":"closed","ping_status":"closed","sticky":false,"template":"","format":"standard","meta":{"fifu_image_url":"","fifu_image_alt":"","footnotes":""},"categories":[53,76],"tags":[],"class_list":["post-70413","post","type-post","status-publish","format-standard","hentry","category-algerie","category-regions"],"_links":{"self":[{"href":"https:\/\/linitiative.ca\/International\/wp-json\/wp\/v2\/posts\/70413","targetHints":{"allow":["GET"]}}],"collection":[{"href":"https:\/\/linitiative.ca\/International\/wp-json\/wp\/v2\/posts"}],"about":[{"href":"https:\/\/linitiative.ca\/International\/wp-json\/wp\/v2\/types\/post"}],"author":[{"embeddable":true,"href":"https:\/\/linitiative.ca\/International\/wp-json\/wp\/v2\/users\/1740"}],"replies":[{"embeddable":true,"href":"https:\/\/linitiative.ca\/International\/wp-json\/wp\/v2\/comments?post=70413"}],"version-history":[{"count":0,"href":"https:\/\/linitiative.ca\/International\/wp-json\/wp\/v2\/posts\/70413\/revisions"}],"wp:attachment":[{"href":"https:\/\/linitiative.ca\/International\/wp-json\/wp\/v2\/media?parent=70413"}],"wp:term":[{"taxonomy":"category","embeddable":true,"href":"https:\/\/linitiative.ca\/International\/wp-json\/wp\/v2\/categories?post=70413"},{"taxonomy":"post_tag","embeddable":true,"href":"https:\/\/linitiative.ca\/International\/wp-json\/wp\/v2\/tags?post=70413"}],"curies":[{"name":"wp","href":"https:\/\/api.w.org\/{rel}","templated":true}]}}