{"id":70428,"date":"2019-12-16T14:23:00","date_gmt":"2019-12-16T19:23:00","guid":{"rendered":"https:\/\/linitiative.ca\/International\/ne-comptez-pas-sur-moi-pour-pratiquer-la-politique-du-bistrot\/"},"modified":"2019-12-16T14:23:00","modified_gmt":"2019-12-16T19:23:00","slug":"ne-comptez-pas-sur-moi-pour-pratiquer-la-politique-du-bistrot","status":"publish","type":"post","link":"https:\/\/linitiative.ca\/International\/ne-comptez-pas-sur-moi-pour-pratiquer-la-politique-du-bistrot\/","title":{"rendered":"\u00abNe comptez pas sur moi pour pratiquer la politique du bistrot\u00bb"},"content":{"rendered":"<p class=\"MsoNormal\">Comme si on n\u2019avait pas suffisamment de jours f\u00e9ri\u00e9s, le secr\u00e9taire g\u00e9n\u00e9ral de l\u2019Ugtt, Noureddine Taboubi<span class=\"c2\">\u00a0<\/span> a demand\u00e9 ce lundi que le 17 d\u00e9cembre, jour anniversaire de l&rsquo;immolation par le feu de Bouazizi \u00e0 Sidi Bou Zid, soit d\u00e9cr\u00e9t\u00e9 f\u00e9ri\u00e9, comme il le fait \u00e0 chaque ann\u00e9e. Son\u00a0 argument-massue\u00a0: \u00ab\u00a0Sidi Bouzid est le berceau de la r\u00e9volution tunisienne et c\u2019est gr\u00e2ce \u00e0 elle que les gens qui \u00e9taient condamn\u00e9s au silence pendant longtemps\u00a0 peuvent parler librement. Ne peut-on pas comm\u00e9morer cet \u00e9v\u00e8nement sans ch\u00f4mer pendant toute une journ\u00e9e ? Lorsqu\u2019on a demand\u00e9 \u00e0<span class=\"c2\">\u00a0<\/span> De Gaulle de d\u00e9cr\u00e9ter le 18 juin<span class=\"c3\"><sup><strong>(1)<\/strong><\/sup><\/span>, jour f\u00e9ri\u00e9, il a r\u00e9pondu. \u00abNe comptez pas sur moi pour pratiquer la politique du bistrot. Depuis, ils ne l\u2019on plus relanc\u00e9.<\/p>\n<p class=\"MsoNormal\">J\u2019ai fait un r\u00eave\u00a0: pour rattraper le temps perdu\u00a0 avec les gr\u00e8ves et les sit in \u00e0 r\u00e9p\u00e9tition, le gouvernement a d\u00e9cid\u00e9 sous la pression des <span class=\"c2\">citoyens<\/span> de supprimer sine die les jours f\u00e9ri\u00e9s.<\/p>\n<p class=\"MsoNormal\"><strong><span class=\"c4\"><em>(1) son appel au peuple fran\u00e7ais pour poursuivre la r\u00e9sistance contre les nazis pendant la 2e guerre mondiale.<\/em><\/span><\/strong><\/p>\n<p>Auteur:<br \/>\n<a href=\"https:\/\/www.leaders.com.tn\/article\/28646-ne-comptez-pas-sur-moi-pour-pratiquer-la-politique-du-bistrot\">Cliquez ici pour lire l&rsquo;article depuis sa source.<\/a><\/p>\n","protected":false},"excerpt":{"rendered":"<p>Comme si on n\u2019avait pas suffisamment de jours f\u00e9ri\u00e9s, le secr\u00e9taire g\u00e9n\u00e9ral de l\u2019Ugtt, Noureddine Taboubi\u00a0 a demand\u00e9 ce lundi que le 17 d\u00e9cembre, jour anniversaire de l&rsquo;immolation par le feu de Bouazizi \u00e0 Sidi Bou Zid, soit d\u00e9cr\u00e9t\u00e9 f\u00e9ri\u00e9, comme il le fait \u00e0 chaque ann\u00e9e. Son\u00a0 argument-massue\u00a0: \u00ab\u00a0Sidi Bouzid est le berceau de [&hellip;]<\/p>\n","protected":false},"author":1772,"featured_media":0,"comment_status":"closed","ping_status":"closed","sticky":false,"template":"","format":"standard","meta":{"fifu_image_url":"","fifu_image_alt":"","footnotes":""},"categories":[73,55],"tags":[],"class_list":["post-70428","post","type-post","status-publish","format-standard","hentry","category-actualite","category-tunisie"],"_links":{"self":[{"href":"https:\/\/linitiative.ca\/International\/wp-json\/wp\/v2\/posts\/70428","targetHints":{"allow":["GET"]}}],"collection":[{"href":"https:\/\/linitiative.ca\/International\/wp-json\/wp\/v2\/posts"}],"about":[{"href":"https:\/\/linitiative.ca\/International\/wp-json\/wp\/v2\/types\/post"}],"author":[{"embeddable":true,"href":"https:\/\/linitiative.ca\/International\/wp-json\/wp\/v2\/users\/1772"}],"replies":[{"embeddable":true,"href":"https:\/\/linitiative.ca\/International\/wp-json\/wp\/v2\/comments?post=70428"}],"version-history":[{"count":0,"href":"https:\/\/linitiative.ca\/International\/wp-json\/wp\/v2\/posts\/70428\/revisions"}],"wp:attachment":[{"href":"https:\/\/linitiative.ca\/International\/wp-json\/wp\/v2\/media?parent=70428"}],"wp:term":[{"taxonomy":"category","embeddable":true,"href":"https:\/\/linitiative.ca\/International\/wp-json\/wp\/v2\/categories?post=70428"},{"taxonomy":"post_tag","embeddable":true,"href":"https:\/\/linitiative.ca\/International\/wp-json\/wp\/v2\/tags?post=70428"}],"curies":[{"name":"wp","href":"https:\/\/api.w.org\/{rel}","templated":true}]}}