{"id":70429,"date":"2019-12-16T05:00:00","date_gmt":"2019-12-16T10:00:00","guid":{"rendered":"https:\/\/linitiative.ca\/International\/les-etats-unis-vont-annoncer-le-retrait-de-4-000-militaires-dafghanistan\/"},"modified":"2019-12-16T05:00:00","modified_gmt":"2019-12-16T10:00:00","slug":"les-etats-unis-vont-annoncer-le-retrait-de-4-000-militaires-dafghanistan","status":"publish","type":"post","link":"https:\/\/linitiative.ca\/International\/les-etats-unis-vont-annoncer-le-retrait-de-4-000-militaires-dafghanistan\/","title":{"rendered":"Les \u00c9tats-Unis vont annoncer le retrait de 4 000 militaires d&rsquo;Afghanistan"},"content":{"rendered":"<p>L&rsquo;administration am\u00e9ricaine va annoncer cette semaine son intention de retirer quelque 4 000 soldats d&rsquo;Afghanistan, ont rapport\u00e9 les m\u00e9dias am\u00e9ricains.<br \/>Des pourparlers ont repris il y a une semaine au Qatar entre les Etats-Unis et les talibans, mais ont \u00e9t\u00e9 suspendus jeudi apr\u00e8s une attaque pr\u00e8s de la base a\u00e9rienne am\u00e9ricaine de Bagram en Afghanistan, qui a fait deux morts et des dizaines de bless\u00e9s parmi les civils.<br \/>13 000 militaires am\u00e9ricains sont actuellement d\u00e9ploy\u00e9s en Afghanistan, 18 ans apr\u00e8s le d\u00e9clenchement de l&rsquo;intervention am\u00e9ricaine, lanc\u00e9e quelques semaines apr\u00e8s les attentats du 11 septembre 2001 pour renverser le r\u00e9gime des talibans qui abritait Al-Qa\u00efda.<br \/>Citant trois anciens ou actuels responsables am\u00e9ricains, NBC a affirm\u00e9 samedi que l&rsquo;administration Trump avait l&rsquo;intention d&rsquo;annoncer le retrait de 4 000 militaires d&rsquo;Afghanistan. Deux sources ont indiqu\u00e9 que certaines troupes seraient red\u00e9ploy\u00e9es plus t\u00f4t que pr\u00e9vu tandis que d&rsquo;autres ne seraient pas remplac\u00e9es au terme de leur mission.<br \/>Selon CNN, citant un responsable de l&rsquo;administration, ce retrait pourrait \u00eatre annonc\u00e9 cette semaine, mais le \u00abtiming reste changeant\u00bb.<br \/>Le d\u00e9partement d&rsquo;Etat n&rsquo;a pas r\u00e9pondu dimanche \u00e0 une demande de confirmation de l&rsquo;AFP. Le Pentagone a renvoy\u00e9 les questions \u00e0 la Maison Blanche, qui n&rsquo;a pas fait de commentaire. Un projet d&rsquo;accord quasiment scell\u00e9 d\u00e9but septembre pr\u00e9voyait un d\u00e9but de retrait progressif des soldats am\u00e9ricains, principale revendication des talibans. En \u00e9change, ces derniers devaient s&rsquo;engager \u00e0 ne plus jamais laisser des \u00abterroristes\u00bb agir depuis l&rsquo;Afghanistan, et \u00e0 entamer un dialogue in\u00e9dit avec le gouvernement de Kaboul. Le Pr\u00e9sident Donald Trump a insist\u00e9 le mois dernier sur le besoin d&rsquo;un cessez-le-feu et a effectu\u00e9 une visite surprise \u00e0 la base de Bagram le 28 novembre, rencontrant le Pr\u00e9sident afghan Ashraf Ghani.<br \/>Donald Trump, qui a annonc\u00e9 le retrait des troupes am\u00e9ricaines du nord de la Syrie, veut r\u00e9duire le plus possible les d\u00e9ploiements de militaires militaires \u00e0 l&rsquo;\u00e9tranger.<\/p>\n<p>Auteur:<br \/>\n<a href=\"https:\/\/www.lesoirdalgerie.com\/actualites\/les-etats-unis-vont-annoncer-le-retrait-de-4-000-militaires-dafghanistan-35355\">Cliquez ici pour lire l&rsquo;article depuis sa source.<\/a><\/p>\n","protected":false},"excerpt":{"rendered":"<p>L&rsquo;administration am\u00e9ricaine va annoncer cette semaine son intention de retirer quelque 4 000 soldats d&rsquo;Afghanistan, ont rapport\u00e9 les m\u00e9dias am\u00e9ricains.Des pourparlers ont repris il y a une semaine au Qatar entre les Etats-Unis et les talibans, mais ont \u00e9t\u00e9 suspendus jeudi apr\u00e8s une attaque pr\u00e8s de la base a\u00e9rienne am\u00e9ricaine de Bagram en Afghanistan, qui [&hellip;]<\/p>\n","protected":false},"author":1741,"featured_media":0,"comment_status":"closed","ping_status":"closed","sticky":false,"template":"","format":"standard","meta":{"fifu_image_url":"","fifu_image_alt":"","footnotes":""},"categories":[73,53],"tags":[],"class_list":["post-70429","post","type-post","status-publish","format-standard","hentry","category-actualite","category-algerie"],"_links":{"self":[{"href":"https:\/\/linitiative.ca\/International\/wp-json\/wp\/v2\/posts\/70429","targetHints":{"allow":["GET"]}}],"collection":[{"href":"https:\/\/linitiative.ca\/International\/wp-json\/wp\/v2\/posts"}],"about":[{"href":"https:\/\/linitiative.ca\/International\/wp-json\/wp\/v2\/types\/post"}],"author":[{"embeddable":true,"href":"https:\/\/linitiative.ca\/International\/wp-json\/wp\/v2\/users\/1741"}],"replies":[{"embeddable":true,"href":"https:\/\/linitiative.ca\/International\/wp-json\/wp\/v2\/comments?post=70429"}],"version-history":[{"count":0,"href":"https:\/\/linitiative.ca\/International\/wp-json\/wp\/v2\/posts\/70429\/revisions"}],"wp:attachment":[{"href":"https:\/\/linitiative.ca\/International\/wp-json\/wp\/v2\/media?parent=70429"}],"wp:term":[{"taxonomy":"category","embeddable":true,"href":"https:\/\/linitiative.ca\/International\/wp-json\/wp\/v2\/categories?post=70429"},{"taxonomy":"post_tag","embeddable":true,"href":"https:\/\/linitiative.ca\/International\/wp-json\/wp\/v2\/tags?post=70429"}],"curies":[{"name":"wp","href":"https:\/\/api.w.org\/{rel}","templated":true}]}}