{"id":70431,"date":"2019-12-16T05:00:00","date_gmt":"2019-12-16T10:00:00","guid":{"rendered":"https:\/\/linitiative.ca\/International\/un-proprietaire-terrien-tire-et-blesse-par-balles-un-citoyen\/"},"modified":"2019-12-16T05:00:00","modified_gmt":"2019-12-16T10:00:00","slug":"un-proprietaire-terrien-tire-et-blesse-par-balles-un-citoyen","status":"publish","type":"post","link":"https:\/\/linitiative.ca\/International\/un-proprietaire-terrien-tire-et-blesse-par-balles-un-citoyen\/","title":{"rendered":"Un propri\u00e9taire terrien tire et blesse par balles un citoyen"},"content":{"rendered":"<p>Un propri\u00e9taire terrien, \u00e2g\u00e9 de 47 ans et poss\u00e9dant une exploitation agricole \u00e0 Chiffa, \u00e0 7 kilom\u00e8tres \u00e0 l\u2019ouest de Blida, a, dans une tentative d\u2019assassinat, bless\u00e9 par balles un citoyen qui a \u00e9t\u00e9 gri\u00e8vement touch\u00e9 \u00e0 la t\u00eate et \u00e0 la jambe et qui se trouve actuellement \u00e0 l\u2019h\u00f4pital Frantz-Fanon de Blida. Ce sont les responsables de cet h\u00f4pital qui ont alert\u00e9 les \u00e9l\u00e9ments de la brigade territoriale de gendarmerie de Chiffa, qui se sont vite d\u00e9plac\u00e9s au chevet de la victime, laquelle a r\u00e9v\u00e9l\u00e9 l\u2019identit\u00e9 de l\u2019auteur de cet abominable acte. Selon les \u00e9l\u00e9ments de l\u2019enqu\u00eate, le propri\u00e9taire de l\u2019exploitation agricole a tir\u00e9 des coups de feu en direction de la victime qui se trouvait, \u00e0 une heure avanc\u00e9e de la nuit, \u00e0 proximit\u00e9 de sa maison. Une altercation verbale s\u2019en est suivie et le propri\u00e9taire a fait usage de son arme \u00e0 feu et tir\u00e9 en direction de la victime. Le mis en cause a \u00e9t\u00e9 pr\u00e9sent\u00e9 devant la justice et plac\u00e9 sous mandat de d\u00e9p\u00f4t.<br \/>M. B.<\/p>\n<p>Auteur:<br \/>\n<a href=\"https:\/\/www.lesoirdalgerie.com\/societe\/un-proprietaire-terrien-tire-et-blesse-par-balles-un-citoyen-35353\">Cliquez ici pour lire l&rsquo;article depuis sa source.<\/a><\/p>\n","protected":false},"excerpt":{"rendered":"<p>Un propri\u00e9taire terrien, \u00e2g\u00e9 de 47 ans et poss\u00e9dant une exploitation agricole \u00e0 Chiffa, \u00e0 7 kilom\u00e8tres \u00e0 l\u2019ouest de Blida, a, dans une tentative d\u2019assassinat, bless\u00e9 par balles un citoyen qui a \u00e9t\u00e9 gri\u00e8vement touch\u00e9 \u00e0 la t\u00eate et \u00e0 la jambe et qui se trouve actuellement \u00e0 l\u2019h\u00f4pital Frantz-Fanon de Blida. Ce sont [&hellip;]<\/p>\n","protected":false},"author":1741,"featured_media":0,"comment_status":"closed","ping_status":"closed","sticky":false,"template":"","format":"standard","meta":{"fifu_image_url":"","fifu_image_alt":"","footnotes":""},"categories":[73,53],"tags":[],"class_list":["post-70431","post","type-post","status-publish","format-standard","hentry","category-actualite","category-algerie"],"_links":{"self":[{"href":"https:\/\/linitiative.ca\/International\/wp-json\/wp\/v2\/posts\/70431","targetHints":{"allow":["GET"]}}],"collection":[{"href":"https:\/\/linitiative.ca\/International\/wp-json\/wp\/v2\/posts"}],"about":[{"href":"https:\/\/linitiative.ca\/International\/wp-json\/wp\/v2\/types\/post"}],"author":[{"embeddable":true,"href":"https:\/\/linitiative.ca\/International\/wp-json\/wp\/v2\/users\/1741"}],"replies":[{"embeddable":true,"href":"https:\/\/linitiative.ca\/International\/wp-json\/wp\/v2\/comments?post=70431"}],"version-history":[{"count":0,"href":"https:\/\/linitiative.ca\/International\/wp-json\/wp\/v2\/posts\/70431\/revisions"}],"wp:attachment":[{"href":"https:\/\/linitiative.ca\/International\/wp-json\/wp\/v2\/media?parent=70431"}],"wp:term":[{"taxonomy":"category","embeddable":true,"href":"https:\/\/linitiative.ca\/International\/wp-json\/wp\/v2\/categories?post=70431"},{"taxonomy":"post_tag","embeddable":true,"href":"https:\/\/linitiative.ca\/International\/wp-json\/wp\/v2\/tags?post=70431"}],"curies":[{"name":"wp","href":"https:\/\/api.w.org\/{rel}","templated":true}]}}