{"id":70432,"date":"2019-12-16T05:00:00","date_gmt":"2019-12-16T10:00:00","guid":{"rendered":"https:\/\/linitiative.ca\/International\/le-cimetiere-de-mazagran-dans-un-etat-alarmant\/"},"modified":"2019-12-16T05:00:00","modified_gmt":"2019-12-16T10:00:00","slug":"le-cimetiere-de-mazagran-dans-un-etat-alarmant","status":"publish","type":"post","link":"https:\/\/linitiative.ca\/International\/le-cimetiere-de-mazagran-dans-un-etat-alarmant\/","title":{"rendered":"Le cimeti\u00e8re de Mazagran dans un \u00e9tat alarmant"},"content":{"rendered":"<p>\u00abUn \u00e9tat pitoyable\u00bb, voil\u00e0 comment de nombreux citoyens ont \u00e9voqu\u00e9 l\u2019\u00e9tat d\u00e9gradant du cimeti\u00e8re de la localit\u00e9 de Mazagran. De nombreuses s\u00e9pultures ne sont m\u00eame pas indiqu\u00e9es et on ne peut pas deviner qu\u2019une personne y repose sous terre. Les collectivit\u00e9s locales de la commune de Mazagran se heurtent souvent \u00e0 la difficult\u00e9 de g\u00e9rer les cimeti\u00e8res, dont la population demande un entretien irr\u00e9prochable. Les \u00e9lus doivent apporter des r\u00e9ponses concr\u00e8tes sur la fa\u00e7on de g\u00e9rer leur cimeti\u00e8re en termes d\u2019hygi\u00e8ne et de propret\u00e9, des emplacements choisis pour creuser les tombes, ainsi que le probl\u00e8me du foncier. A chaque enterrement, cet espace est devenu d\u00e9solant et plus inqui\u00e9tant , t\u00e9moignent les gens qui accompagnent leurs proches \u00e0 leur derni\u00e8re demeure. Et les familles ont de la peine \u00e0 trouver un emplacement pour y ensevelir leurs morts. Dans les all\u00e9es entre les tombes, le moindre espace est squatt\u00e9, pourvu qu\u2019on enterre car le cimeti\u00e8re commence \u00e0 \u00eatre satur\u00e9. Il y a un patrimoine forestier qui jouxte ce cimeti\u00e8re, il suffit d\u2019une d\u00e9rogation pour son extension. Le manque d\u2019organisation a influ\u00e9 sur l\u2019alignement des tombes, lequel a impact\u00e9 les espaces. L\u2019APC n\u2019a pas de service fun\u00e8bre, encore moins un r\u00e9gisseur qui doit d\u00e9signer le carr\u00e9 o\u00f9 sera enseveli le mort. Ce r\u00e9gisseur doit tenir un registre de tous les enterrements pour permettre de situer les tombes. A Mazagran ou ailleurs dans la wilaya de Mostaganem, il n\u2019y a que des solutions de b\u00e9n\u00e9volat pour nettoyer les cimeti\u00e8res. Une initiative qui permet au moins de garder nos cimeti\u00e8res propres.\u00a0<br \/>A. Bensadok<\/p>\n<p>Auteur:<br \/>\n<a href=\"https:\/\/www.lesoirdalgerie.com\/societe\/le-cimetiere-de-mazagran-dans-un-etat-alarmant-35352\">Cliquez ici pour lire l&rsquo;article depuis sa source.<\/a><\/p>\n","protected":false},"excerpt":{"rendered":"<p>\u00abUn \u00e9tat pitoyable\u00bb, voil\u00e0 comment de nombreux citoyens ont \u00e9voqu\u00e9 l\u2019\u00e9tat d\u00e9gradant du cimeti\u00e8re de la localit\u00e9 de Mazagran. De nombreuses s\u00e9pultures ne sont m\u00eame pas indiqu\u00e9es et on ne peut pas deviner qu\u2019une personne y repose sous terre. Les collectivit\u00e9s locales de la commune de Mazagran se heurtent souvent \u00e0 la difficult\u00e9 de g\u00e9rer [&hellip;]<\/p>\n","protected":false},"author":1741,"featured_media":0,"comment_status":"closed","ping_status":"closed","sticky":false,"template":"","format":"standard","meta":{"fifu_image_url":"","fifu_image_alt":"","footnotes":""},"categories":[73,53],"tags":[],"class_list":["post-70432","post","type-post","status-publish","format-standard","hentry","category-actualite","category-algerie"],"_links":{"self":[{"href":"https:\/\/linitiative.ca\/International\/wp-json\/wp\/v2\/posts\/70432","targetHints":{"allow":["GET"]}}],"collection":[{"href":"https:\/\/linitiative.ca\/International\/wp-json\/wp\/v2\/posts"}],"about":[{"href":"https:\/\/linitiative.ca\/International\/wp-json\/wp\/v2\/types\/post"}],"author":[{"embeddable":true,"href":"https:\/\/linitiative.ca\/International\/wp-json\/wp\/v2\/users\/1741"}],"replies":[{"embeddable":true,"href":"https:\/\/linitiative.ca\/International\/wp-json\/wp\/v2\/comments?post=70432"}],"version-history":[{"count":0,"href":"https:\/\/linitiative.ca\/International\/wp-json\/wp\/v2\/posts\/70432\/revisions"}],"wp:attachment":[{"href":"https:\/\/linitiative.ca\/International\/wp-json\/wp\/v2\/media?parent=70432"}],"wp:term":[{"taxonomy":"category","embeddable":true,"href":"https:\/\/linitiative.ca\/International\/wp-json\/wp\/v2\/categories?post=70432"},{"taxonomy":"post_tag","embeddable":true,"href":"https:\/\/linitiative.ca\/International\/wp-json\/wp\/v2\/tags?post=70432"}],"curies":[{"name":"wp","href":"https:\/\/api.w.org\/{rel}","templated":true}]}}