{"id":70435,"date":"2019-12-16T14:18:12","date_gmt":"2019-12-16T19:18:12","guid":{"rendered":"https:\/\/linitiative.ca\/International\/arrestation-a-dubai-du-commanditaire-de-la-fusillade-du-cafe-la-creme-de-marrakech\/"},"modified":"2019-12-16T14:18:12","modified_gmt":"2019-12-16T19:18:12","slug":"arrestation-a-dubai-du-commanditaire-de-la-fusillade-du-cafe-la-creme-de-marrakech","status":"publish","type":"post","link":"https:\/\/linitiative.ca\/International\/arrestation-a-dubai-du-commanditaire-de-la-fusillade-du-cafe-la-creme-de-marrakech\/","title":{"rendered":"Arrestation \u00e0 Duba\u00ef du commanditaire  de la fusillade du caf\u00e9 \u00ab\u00a0La Cr\u00e8me \u00a0\u00bb de Marrakech"},"content":{"rendered":"<p><img decoding=\"async\" src=\"https:\/\/www.challenge.ma\/wp-content\/uploads\/2019\/12\/Ridouane-taghi.jpg\" alt=\"\" class=\"wp-image-125818\" srcset=\"https:\/\/www.challenge.ma\/wp-content\/uploads\/2019\/12\/Ridouane-taghi.jpg 763w, https:\/\/www.challenge.ma\/wp-content\/uploads\/2019\/12\/Ridouane-taghi-300x169.jpg 300w, https:\/\/www.challenge.ma\/wp-content\/uploads\/2019\/12\/Ridouane-taghi-360x202.jpg 360w, https:\/\/www.challenge.ma\/wp-content\/uploads\/2019\/12\/Ridouane-taghi-750x422.jpg 750w\" sizes=\"(max-width: 763px) 100vw, 763px\"\/><\/p>\n<p><strong>Le cerveau et commanditaire de la fusillade \u00a0du caf\u00e9 \u00a0 \u00ab\u00a0La Cr\u00e8me\u00a0\u00bb \u00e0 Marrakech qui avait fait un mort et une bless\u00e9e le 2 novembre 2017, a \u00e9t\u00e9 arr\u00eat\u00e9 ce lundi soir \u00e0 Duba\u00ef pour plusieurs meurtres.<\/strong><\/p>\n<div class=\"c10\"\/>\n<p>\u00a0Selon les m\u00e9dias \u00e9miratis qui rapportent l\u2019information, il s\u2019agit de Ridouan Taghi, 41 ans qui a la double nationalit\u00e9 marocaine et hollandaise. Il \u00e9tait recherch\u00e9 par Europol pour plus de 10 meurtres.<\/p>\n<p>Dans un communiqu\u00e9 lundi soir, la police de Duba\u00ef a d\u00e9clar\u00e9 avoir \u00ab\u00a0arr\u00eat\u00e9 le chef d\u2019une organisation criminelle dangereuse en Europe et en Afrique\u00bb. L\u2019op\u00e9ration combin\u00e9e a \u00e9t\u00e9 men\u00e9e en \u00ab\u00a0coop\u00e9ration avec les autorit\u00e9s n\u00e9erlandaises et Interpol\u00a0\u00bb. Bien que les Pays-Bas n\u2019aient conclu aucun trait\u00e9 d\u2019extradition avec Duba\u00ef, le minist\u00e8re public n\u00e9erlandais a demand\u00e9 le retour de Taghi.<\/p>\n<p>Le chef de la police n\u00e9erlandaise Erik Akerboom a salu\u00e9 l\u2019aide de Duba\u00ef. \u00abLeur aide \u00e9tait essentielle\u00a0\u00bb, a-t-il d\u00e9clar\u00e9 au journal n\u00e9erlandais De Telegraaf et repris par \u00a0le site \u00e9mirati d\u2019information The National.<\/p>\n<p>\u00ab\u00a0J\u2019exprime ma profonde gratitude pour les m\u00e9thodes de travail professionnelles de nos coll\u00e8gues et de ceux de Duba\u00ef. \u00abL\u2019arrestation est d\u2019une grande importance pour les Pays-Bas. Avec leurs activit\u00e9s criminelles, Taghi et ses acolytes mena\u00e7aient l\u2019\u00c9tat de droit. Il est de notre devoir, en tant que police, de prot\u00e9ger l\u2019Etat de droit et d\u2019\u00e9liminer les menaces. \u00ab\u00a0Un porte-parole du parquet a d\u00e9clar\u00e9 que l\u2019extradition \u00ab\u00a0devrait prendre un certain temps\u00a0\u00bb. Plus de 100 d\u00e9tectives ont \u00e9t\u00e9 impliqu\u00e9s dans la chasse \u00e0 l\u2019homme pour l\u2019appr\u00e9hender. Taghi, serait \u00e0 l\u2019origine d\u2019une importante op\u00e9ration de contrebande de drogue et de coca\u00efne. Il va sans dire que le Maroc est vivement int\u00e9ress\u00e9 par cette arrestation pour le crime commis sur son sol.<\/p>\n<div class=\"c17\">\n<fieldset class=\"c16\">\n<legend><strong><span class=\"c11\">Challenge<\/span><span class=\"c12\">news<\/span><\/strong><\/legend>\n<div class=\"c15\">Le meilleur de Challenge s\u00e9lectionn\u00e9 par la r\u00e9daction :<\/p>\n<\/div>\n<\/fieldset>\n<\/div>\n<p>Auteur: Noureddine Boughanmi<br \/>\n<a href=\"https:\/\/www.challenge.ma\/arrestation-a-dubai-du-commanditaire-de-la-fusillade-de-la-creme-de-marrakech-125803\/\">Cliquez ici pour lire l&rsquo;article depuis sa source.<\/a><\/p>\n","protected":false},"excerpt":{"rendered":"<p>Le cerveau et commanditaire de la fusillade \u00a0du caf\u00e9 \u00a0 \u00ab\u00a0La Cr\u00e8me\u00a0\u00bb \u00e0 Marrakech qui avait fait un mort et une bless\u00e9e le 2 novembre 2017, a \u00e9t\u00e9 arr\u00eat\u00e9 ce lundi soir \u00e0 Duba\u00ef pour plusieurs meurtres. \u00a0Selon les m\u00e9dias \u00e9miratis qui rapportent l\u2019information, il s\u2019agit de Ridouan Taghi, 41 ans qui a la double [&hellip;]<\/p>\n","protected":false},"author":1787,"featured_media":70436,"comment_status":"closed","ping_status":"closed","sticky":false,"template":"","format":"standard","meta":{"fifu_image_url":"","fifu_image_alt":"","footnotes":""},"categories":[78,54],"tags":[],"class_list":["post-70435","post","type-post","status-publish","format-standard","has-post-thumbnail","hentry","category-economie","category-maroc"],"_links":{"self":[{"href":"https:\/\/linitiative.ca\/International\/wp-json\/wp\/v2\/posts\/70435","targetHints":{"allow":["GET"]}}],"collection":[{"href":"https:\/\/linitiative.ca\/International\/wp-json\/wp\/v2\/posts"}],"about":[{"href":"https:\/\/linitiative.ca\/International\/wp-json\/wp\/v2\/types\/post"}],"author":[{"embeddable":true,"href":"https:\/\/linitiative.ca\/International\/wp-json\/wp\/v2\/users\/1787"}],"replies":[{"embeddable":true,"href":"https:\/\/linitiative.ca\/International\/wp-json\/wp\/v2\/comments?post=70435"}],"version-history":[{"count":0,"href":"https:\/\/linitiative.ca\/International\/wp-json\/wp\/v2\/posts\/70435\/revisions"}],"wp:featuredmedia":[{"embeddable":true,"href":"https:\/\/linitiative.ca\/International\/wp-json\/"}],"wp:attachment":[{"href":"https:\/\/linitiative.ca\/International\/wp-json\/wp\/v2\/media?parent=70435"}],"wp:term":[{"taxonomy":"category","embeddable":true,"href":"https:\/\/linitiative.ca\/International\/wp-json\/wp\/v2\/categories?post=70435"},{"taxonomy":"post_tag","embeddable":true,"href":"https:\/\/linitiative.ca\/International\/wp-json\/wp\/v2\/tags?post=70435"}],"curies":[{"name":"wp","href":"https:\/\/api.w.org\/{rel}","templated":true}]}}