{"id":70439,"date":"2019-12-16T15:01:27","date_gmt":"2019-12-16T20:01:27","guid":{"rendered":"https:\/\/linitiative.ca\/International\/tunisie-seifeddine-makhlouf-fait-opposition-a-son-jugement-il-sera-rejuge-le-9-janvier-prochain\/"},"modified":"2019-12-16T15:01:27","modified_gmt":"2019-12-16T20:01:27","slug":"tunisie-seifeddine-makhlouf-fait-opposition-a-son-jugement-il-sera-rejuge-le-9-janvier-prochain","status":"publish","type":"post","link":"https:\/\/linitiative.ca\/International\/tunisie-seifeddine-makhlouf-fait-opposition-a-son-jugement-il-sera-rejuge-le-9-janvier-prochain\/","title":{"rendered":"Tunisie \u2013 Seifeddine Makhlouf fait opposition \u00e0 son jugement. Il sera rejug\u00e9 le 9 janvier prochain"},"content":{"rendered":"<div class=\"post-cont-in left relative\">\n<div class=\"swp_social_panel swp_horizontal_panel swp_flat_fresh swp_default_full_color swp_individual_full_color swp_other_full_color scale-100 scale-\" data-min-width=\"1100\" data-float-color=\"#ffffff\" data-float=\"none\" data-float-mobile=\"none\" data-transition=\"slide\">\n<div class=\"nc_tweetContainer swp_share_button total_shares total_sharesalt\"><span class=\"swp_count\">8 <span class=\"swp_label\">Partages<\/span><\/span><\/div>\n<\/div>\n<p>De retour en Tunisie, le d\u00e9put\u00e9 Seifeddine Makhlouf, condamn\u00e9 par contumace \u00e0 20 mois de prison pour outrage \u00e0 magistrat, a fait opposition de ce verdict. Une audience a \u00e9t\u00e9 fix\u00e9e pour le 9 janvier prochain, au tribunal de premi\u00e8re instance de Tunis, pour\u00a0qu\u2019il soit rejug\u00e9.<\/p>\n<div class=\"code-block code-block-1 c3\"><ins class=\"adsbygoogle c2\" data-ad-layout=\"in-article\" data-ad-format=\"fluid\" data-ad-client=\"ca-pub-2102118777505746\" data-ad-slot=\"7301775417\"\/> <\/div>\n<p><strong>Que se passe-t-il en Tunisie?<\/strong><br \/>Nous expliquons sur notre <a href=\"https:\/\/www.youtube.com\/channel\/UCRzypVq0B_yBad5eGrwBx0Q?sub_confirmation=1\" target=\"_blank\" rel=\"noopener noreferrer\">cha\u00eene YouTube<\/a> . <a href=\"https:\/\/www.youtube.com\/channel\/UCRzypVq0B_yBad5eGrwBx0Q?sub_confirmation=1\" target=\"_blank\" rel=\"noopener noreferrer\">Abonnez-vous!<\/a><\/p>\n<div class=\"mvp-org-wrap mvp-org-logo\" itemprop=\"publisher\" itemscope=\"\" itemtype=\"https:\/\/schema.org\/Organization\"><img decoding=\"async\" src=\"https:\/\/www.tunisienumerique.com\/wp-content\/uploads\/2017\/02\/logo_tunisie_numerique.png\"\/><\/div>\n<div class=\"swp_social_panel swp_horizontal_panel swp_flat_fresh swp_default_full_color swp_individual_full_color swp_other_full_color scale-100 scale-\" data-min-width=\"1100\" data-float-color=\"#ffffff\" data-float=\"none\" data-float-mobile=\"none\" data-transition=\"slide\">\n<div class=\"nc_tweetContainer swp_share_button total_shares total_sharesalt\"><span class=\"swp_count\">8 <span class=\"swp_label\">Partages<\/span><\/span><\/div>\n<\/div>\n<div class=\"mvp-related-posts left relative\">\n<h4 class=\"post-header\"><span class=\"post-header\">Lire aussi<\/span><\/h4>\n<\/div>\n<\/div>\n<p>Auteur: LM<br \/>\n<a href=\"https:\/\/www.tunisienumerique.com\/tunisie-seifeddine-makhlouf-fait-opposition-a-son-jugement-il-sera-rejuge-le-9-janvier-prochain\/\">Cliquez ici pour lire l&rsquo;article depuis sa source.<\/a><\/p>\n","protected":false},"excerpt":{"rendered":"<p>8 Partages De retour en Tunisie, le d\u00e9put\u00e9 Seifeddine Makhlouf, condamn\u00e9 par contumace \u00e0 20 mois de prison pour outrage \u00e0 magistrat, a fait opposition de ce verdict. Une audience a \u00e9t\u00e9 fix\u00e9e pour le 9 janvier prochain, au tribunal de premi\u00e8re instance de Tunis, pour\u00a0qu\u2019il soit rejug\u00e9. Que se passe-t-il en Tunisie?Nous expliquons sur [&hellip;]<\/p>\n","protected":false},"author":1789,"featured_media":70440,"comment_status":"closed","ping_status":"closed","sticky":false,"template":"","format":"standard","meta":{"fifu_image_url":"","fifu_image_alt":"","footnotes":""},"categories":[73,55],"tags":[],"class_list":["post-70439","post","type-post","status-publish","format-standard","has-post-thumbnail","hentry","category-actualite","category-tunisie"],"_links":{"self":[{"href":"https:\/\/linitiative.ca\/International\/wp-json\/wp\/v2\/posts\/70439","targetHints":{"allow":["GET"]}}],"collection":[{"href":"https:\/\/linitiative.ca\/International\/wp-json\/wp\/v2\/posts"}],"about":[{"href":"https:\/\/linitiative.ca\/International\/wp-json\/wp\/v2\/types\/post"}],"author":[{"embeddable":true,"href":"https:\/\/linitiative.ca\/International\/wp-json\/wp\/v2\/users\/1789"}],"replies":[{"embeddable":true,"href":"https:\/\/linitiative.ca\/International\/wp-json\/wp\/v2\/comments?post=70439"}],"version-history":[{"count":0,"href":"https:\/\/linitiative.ca\/International\/wp-json\/wp\/v2\/posts\/70439\/revisions"}],"wp:featuredmedia":[{"embeddable":true,"href":"https:\/\/linitiative.ca\/International\/wp-json\/"}],"wp:attachment":[{"href":"https:\/\/linitiative.ca\/International\/wp-json\/wp\/v2\/media?parent=70439"}],"wp:term":[{"taxonomy":"category","embeddable":true,"href":"https:\/\/linitiative.ca\/International\/wp-json\/wp\/v2\/categories?post=70439"},{"taxonomy":"post_tag","embeddable":true,"href":"https:\/\/linitiative.ca\/International\/wp-json\/wp\/v2\/tags?post=70439"}],"curies":[{"name":"wp","href":"https:\/\/api.w.org\/{rel}","templated":true}]}}