{"id":70443,"date":"2019-12-16T15:31:49","date_gmt":"2019-12-16T20:31:49","guid":{"rendered":"https:\/\/linitiative.ca\/International\/tunisie-dar-dhiafa-les-derniers-echos-de-la-formation-du-gouvernement\/"},"modified":"2019-12-16T15:31:49","modified_gmt":"2019-12-16T20:31:49","slug":"tunisie-dar-dhiafa-les-derniers-echos-de-la-formation-du-gouvernement","status":"publish","type":"post","link":"https:\/\/linitiative.ca\/International\/tunisie-dar-dhiafa-les-derniers-echos-de-la-formation-du-gouvernement\/","title":{"rendered":"Tunisie \u2013 Dar Dhiafa\u00a0: Les derniers \u00e9chos de la formation du gouvernement"},"content":{"rendered":"<div class=\"post-cont-in left relative\">\n<div class=\"swp_social_panel swp_horizontal_panel swp_flat_fresh swp_default_full_color swp_individual_full_color swp_other_full_color scale-100 scale-\" data-min-width=\"1100\" data-float-color=\"#ffffff\" data-float=\"none\" data-float-mobile=\"none\" data-transition=\"slide\">\n<div class=\"nc_tweetContainer swp_share_button total_shares total_sharesalt\"><span class=\"swp_count\">11 <span class=\"swp_label\">Partages<\/span><\/span><\/div>\n<\/div>\n<p>Il semble\u00a0qu\u2019il y ait\u00a0p\u00e9ril en la demeure \u00e0 Dar Dhiafa, puisque les d\u00e9cideurs sont d\u00e9sormais en train de travailler de nuit comme de jour. Il faut dire, que les d\u00e9lais se font de plus en plus pressants et l\u2019\u00e9ventualit\u00e9 du passage \u00e0 l\u2019option d\u2019un gouvernement choisi par Ka\u00efs Sa\u00efed ne semble pas \u00eatre la bienvenue aupr\u00e8s de toute la classe politique du pays. Aussi, ont-ils int\u00e9r\u00eat \u00e0\u00a0faire vite, pour annoncer la composition de leur nouveau gouvernement.<\/p>\n<div class=\"code-block code-block-1 c3\"><ins class=\"adsbygoogle c2\" data-ad-layout=\"in-article\" data-ad-format=\"fluid\" data-ad-client=\"ca-pub-2102118777505746\" data-ad-slot=\"7301775417\"\/> <\/div>\n<p>Il semblerait, selon les derni\u00e8res indiscr\u00e9tions en provenance de Dar Dhiafa, qu\u2019ils sont en train de mener une course contre la montre, dans l\u2019espoir d\u2019annoncer la nouvelle formation, d\u00e8s demain, mardi.<\/p>\n<p>Toujours selon les m\u00eames sources, la configuration g\u00e9n\u00e9rale du gouvernement semble bien \u00e9bauch\u00e9e et il ne reste plus \u00e0 discuter et \u00e0 affiner que quelques d\u00e9tails, en rapport avec certains portefeuilles.<\/p>\n<p>Ainsi, pour le minist\u00e8re de l\u2019Int\u00e9rieur, plusieurs noms demeurent en ballottage, avec, notamment le retour dans la course du nom d\u2019Elyes Mnakbi, actuel PDG de Tunisair.<\/p>\n<p>Concernant le minist\u00e8re de la Justice, l\u2019accord de principe aurait \u00e9t\u00e9 atteint pour d\u00e9signer un magistrat et le nom qui revient le plus, dans ce registre, est celui de Ghazi Jeribi.<\/p>\n<p>Par rapport aux minist\u00e8res relevant du pr\u00e9sident de la R\u00e9publique, il semble que le choix de Ka\u00efs Sa\u00efed soit fix\u00e9. Pour ce qui est du minist\u00e8re des Affaires Etrang\u00e8res, le choix serait celui de garder l\u2019actuel secr\u00e9taire d\u2019Etat par int\u00e9rim, Sabri Bachtobji. Pour ce qui est du minist\u00e8re de la D\u00e9fense Nationale, Ka\u00efs Sa\u00efed serait partant pour nommer Farhat Horchani, qui avait occup\u00e9 le m\u00eame poste en 2014.<\/p>\n<p>D\u2019autres noms semblent avoir \u00e9t\u00e9 retenus, sans un poste pr\u00e9cis. C\u2019 est le cas\u00a0de Elyes Fakhfakh, qui n\u2019est toujours pas fix\u00e9 sur le d\u00e9partement qu\u2019on va lui confier.<\/p>\n<p><strong>Que se passe-t-il en Tunisie?<\/strong><br \/>Nous expliquons sur notre <a href=\"https:\/\/www.youtube.com\/channel\/UCRzypVq0B_yBad5eGrwBx0Q?sub_confirmation=1\" target=\"_blank\" rel=\"noopener noreferrer\">cha\u00eene YouTube<\/a> . <a href=\"https:\/\/www.youtube.com\/channel\/UCRzypVq0B_yBad5eGrwBx0Q?sub_confirmation=1\" target=\"_blank\" rel=\"noopener noreferrer\">Abonnez-vous!<\/a><\/p>\n<div class=\"mvp-org-wrap mvp-org-logo\" itemprop=\"publisher\" itemscope=\"\" itemtype=\"https:\/\/schema.org\/Organization\"><img decoding=\"async\" src=\"https:\/\/www.tunisienumerique.com\/wp-content\/uploads\/2017\/02\/logo_tunisie_numerique.png\"\/><\/div>\n<div class=\"swp_social_panel swp_horizontal_panel swp_flat_fresh swp_default_full_color swp_individual_full_color swp_other_full_color scale-100 scale-\" data-min-width=\"1100\" data-float-color=\"#ffffff\" data-float=\"none\" data-float-mobile=\"none\" data-transition=\"slide\">\n<div class=\"nc_tweetContainer swp_share_button total_shares total_sharesalt\"><span class=\"swp_count\">11 <span class=\"swp_label\">Partages<\/span><\/span><\/div>\n<\/div>\n<div class=\"mvp-related-posts left relative\">\n<h4 class=\"post-header\"><span class=\"post-header\">Lire aussi<\/span><\/h4>\n<\/div>\n<\/div>\n<p>Auteur: Saber .<br \/>\n<a href=\"https:\/\/www.tunisienumerique.com\/tunisie-dar-dhiafa-les-derniers-echos-de-la-formation-du-gouvernement\/\">Cliquez ici pour lire l&rsquo;article depuis sa source.<\/a><\/p>\n","protected":false},"excerpt":{"rendered":"<p>11 Partages Il semble\u00a0qu\u2019il y ait\u00a0p\u00e9ril en la demeure \u00e0 Dar Dhiafa, puisque les d\u00e9cideurs sont d\u00e9sormais en train de travailler de nuit comme de jour. Il faut dire, que les d\u00e9lais se font de plus en plus pressants et l\u2019\u00e9ventualit\u00e9 du passage \u00e0 l\u2019option d\u2019un gouvernement choisi par Ka\u00efs Sa\u00efed ne semble pas \u00eatre [&hellip;]<\/p>\n","protected":false},"author":1789,"featured_media":70444,"comment_status":"closed","ping_status":"closed","sticky":false,"template":"","format":"standard","meta":{"fifu_image_url":"","fifu_image_alt":"","footnotes":""},"categories":[73,55],"tags":[],"class_list":["post-70443","post","type-post","status-publish","format-standard","has-post-thumbnail","hentry","category-actualite","category-tunisie"],"_links":{"self":[{"href":"https:\/\/linitiative.ca\/International\/wp-json\/wp\/v2\/posts\/70443","targetHints":{"allow":["GET"]}}],"collection":[{"href":"https:\/\/linitiative.ca\/International\/wp-json\/wp\/v2\/posts"}],"about":[{"href":"https:\/\/linitiative.ca\/International\/wp-json\/wp\/v2\/types\/post"}],"author":[{"embeddable":true,"href":"https:\/\/linitiative.ca\/International\/wp-json\/wp\/v2\/users\/1789"}],"replies":[{"embeddable":true,"href":"https:\/\/linitiative.ca\/International\/wp-json\/wp\/v2\/comments?post=70443"}],"version-history":[{"count":0,"href":"https:\/\/linitiative.ca\/International\/wp-json\/wp\/v2\/posts\/70443\/revisions"}],"wp:featuredmedia":[{"embeddable":true,"href":"https:\/\/linitiative.ca\/International\/wp-json\/"}],"wp:attachment":[{"href":"https:\/\/linitiative.ca\/International\/wp-json\/wp\/v2\/media?parent=70443"}],"wp:term":[{"taxonomy":"category","embeddable":true,"href":"https:\/\/linitiative.ca\/International\/wp-json\/wp\/v2\/categories?post=70443"},{"taxonomy":"post_tag","embeddable":true,"href":"https:\/\/linitiative.ca\/International\/wp-json\/wp\/v2\/tags?post=70443"}],"curies":[{"name":"wp","href":"https:\/\/api.w.org\/{rel}","templated":true}]}}