{"id":70447,"date":"2019-12-16T15:56:29","date_gmt":"2019-12-16T20:56:29","guid":{"rendered":"https:\/\/linitiative.ca\/International\/alois-nana-enseignant-retraite-de-alwata-diawara-depuis-35-ans\/"},"modified":"2019-12-16T15:56:29","modified_gmt":"2019-12-16T20:56:29","slug":"alois-nana-enseignant-retraite-de-alwata-diawara-depuis-35-ans","status":"publish","type":"post","link":"https:\/\/linitiative.ca\/International\/alois-nana-enseignant-retraite-de-alwata-diawara-depuis-35-ans\/","title":{"rendered":"Alo\u00efs Nana : enseignant retrait\u00e9 de Alwata Diawara, depuis 35 ans"},"content":{"rendered":"<div class=\"td-post-featured-image\"><a href=\"https:\/\/i1.wp.com\/www.sidwaya.info\/wp-content\/uploads\/2019\/12\/1-29.jpg?fit=595%2C397&#038;ssl=1\" data-caption=\"\"><img loading=\"lazy\" decoding=\"async\" width=\"595\" height=\"397\" class=\"entry-thumb td-modal-image\" src=\"https:\/\/i1.wp.com\/www.sidwaya.info\/wp-content\/uploads\/2019\/12\/1-29.jpg?resize=595%2C397&#038;ssl=1\" srcset=\"https:\/\/i1.wp.com\/www.sidwaya.info\/wp-content\/uploads\/2019\/12\/1-29.jpg?w=595&#038;ssl=1 595w, https:\/\/i1.wp.com\/www.sidwaya.info\/wp-content\/uploads\/2019\/12\/1-29.jpg?resize=300%2C200&#038;ssl=1 300w\" sizes=\"auto, (max-width: 595px) 100vw, 595px\" alt=\"\" title=\"1\"\/><\/a><\/div>\n<p><strong>Alo\u00efs Nana a \u00e9t\u00e9 l\u2019un des anciens enseignants de l\u2019\u00e9cole Alwata Diawara de Tougan. Lors de la comm\u00e9moration des 95 ans de l\u2019\u00e9tablissement en fin novembre, il a re\u00e7u du pr\u00e9sident du Faso, une reconnaissance de l\u2019Amicale des anciens \u00e9l\u00e8ves.<\/strong><\/p>\n<p>Difficile pour lui de se tenir debout, encore moins de marcher sans l\u2019appui de quelqu\u2019un, Alo\u00efs Nana, n\u2019a pas voulu pourtant se faire conter la comm\u00e9moration des 95 ans de l\u2019\u00e9cole dans laquelle, il a servi plusieurs ann\u00e9es comme enseignant dans les ann\u00e9es 1950, bien avant l\u2019ind\u00e9pendance de la Haute Volta. Saisissant difficilement les mots qu\u2019on lui adresse, certainement d\u00fb au poids de l\u2019\u00e2ge, M. Nana est n\u00e9 en 1927. Il eut la chance de fr\u00e9quenter, comme bon nombre d\u2019enfants de l\u2019\u00e9poque, l\u2019\u00e9cole cl\u00e9ricale, celle de la mission catholique. \u00ab A l\u2019\u00e9cole cl\u00e9ricale, on apprenait plusieurs langues comme le fran\u00e7ais, l\u2019anglais, le latin\u2026 Cela nous a permis de nous \u00e9veiller tr\u00e8s vite\u00a0\u00bb, se souvient-il. En 1948, il int\u00e8gre le corps des enseignants de l\u2019\u00e9poque coloniale, pour y dispenser le savoir. C\u2019est dans l\u2019exercice de ses fonctions, qu\u2019il a enseign\u00e9 dans une \u00e9cole primaire \u00e0 Tougan aujourd\u2019hui, appel\u00e9e \u00e9cole Alwata Diawara. Il fut admis \u00e0 la retraite le 1er janvier 1985, sous la R\u00e9volution apr\u00e8s une longue carri\u00e8re bien remplie. En janvier 2020, pr\u00e9cis\u00e9ment dans quelques jours, M. Nana totalisera 35 ans de vie de retrait\u00e9.<\/p>\n<div class=\"td-a-rec td-a-rec-id-content_inline tdi_30_05d td_block_template_1\"><a href=\"https:\/\/www.sidwaya.info\/wp-content\/uploads\/2019\/12\/Bandeau-11-De%CC%81cembre-3.jpg\"><img loading=\"lazy\" decoding=\"async\" src=\"https:\/\/www.sidwaya.info\/wp-content\/uploads\/2019\/12\/Bandeau-11-De%CC%81cembre-3.jpg\" alt=\"\" width=\"720\" height=\"90\" class=\"aligncenter size-full wp-image-17180\"\/><\/a><\/div>\n<p class=\"c1\"><strong>Adama SEDGO<\/strong><\/p>\n<div class=\"td-a-rec td-a-rec-id-content_bottom tdi_31_8a8 td_block_template_1\"><img loading=\"lazy\" decoding=\"async\" class=\"aligncenter size-full wp-image-9623\" src=\"https:\/\/www.sidwaya.info\/wp-content\/uploads\/2019\/06\/Projet-bannie%CC%80re-Orange-mobile.jpg\" alt=\"\" width=\"728\" height=\"81\"\/><\/div>\n<p>Auteur: DD. Sidwaya<br \/>\n<a href=\"https:\/\/www.sidwaya.info\/blog\/2019\/12\/16\/alois-nana-enseignant-retraite-de-alwata-diawara-depuis-35-ans\/\">Cliquez ici pour lire l&rsquo;article depuis sa source.<\/a><\/p>\n","protected":false},"excerpt":{"rendered":"<p>Alo\u00efs Nana a \u00e9t\u00e9 l\u2019un des anciens enseignants de l\u2019\u00e9cole Alwata Diawara de Tougan. Lors de la comm\u00e9moration des 95 ans de l\u2019\u00e9tablissement en fin novembre, il a re\u00e7u du pr\u00e9sident du Faso, une reconnaissance de l\u2019Amicale des anciens \u00e9l\u00e8ves. Difficile pour lui de se tenir debout, encore moins de marcher sans l\u2019appui de quelqu\u2019un, [&hellip;]<\/p>\n","protected":false},"author":1816,"featured_media":0,"comment_status":"closed","ping_status":"closed","sticky":false,"template":"","format":"standard","meta":{"fifu_image_url":"","fifu_image_alt":"","footnotes":""},"categories":[73,81],"tags":[],"class_list":["post-70447","post","type-post","status-publish","format-standard","hentry","category-actualite","category-burkina-faso"],"_links":{"self":[{"href":"https:\/\/linitiative.ca\/International\/wp-json\/wp\/v2\/posts\/70447","targetHints":{"allow":["GET"]}}],"collection":[{"href":"https:\/\/linitiative.ca\/International\/wp-json\/wp\/v2\/posts"}],"about":[{"href":"https:\/\/linitiative.ca\/International\/wp-json\/wp\/v2\/types\/post"}],"author":[{"embeddable":true,"href":"https:\/\/linitiative.ca\/International\/wp-json\/wp\/v2\/users\/1816"}],"replies":[{"embeddable":true,"href":"https:\/\/linitiative.ca\/International\/wp-json\/wp\/v2\/comments?post=70447"}],"version-history":[{"count":0,"href":"https:\/\/linitiative.ca\/International\/wp-json\/wp\/v2\/posts\/70447\/revisions"}],"wp:attachment":[{"href":"https:\/\/linitiative.ca\/International\/wp-json\/wp\/v2\/media?parent=70447"}],"wp:term":[{"taxonomy":"category","embeddable":true,"href":"https:\/\/linitiative.ca\/International\/wp-json\/wp\/v2\/categories?post=70447"},{"taxonomy":"post_tag","embeddable":true,"href":"https:\/\/linitiative.ca\/International\/wp-json\/wp\/v2\/tags?post=70447"}],"curies":[{"name":"wp","href":"https:\/\/api.w.org\/{rel}","templated":true}]}}