{"id":70448,"date":"2019-12-16T15:59:53","date_gmt":"2019-12-16T20:59:53","guid":{"rendered":"https:\/\/linitiative.ca\/International\/le-retour-strategique-de-bozize\/"},"modified":"2019-12-16T15:59:53","modified_gmt":"2019-12-16T20:59:53","slug":"le-retour-strategique-de-bozize","status":"publish","type":"post","link":"https:\/\/linitiative.ca\/International\/le-retour-strategique-de-bozize\/","title":{"rendered":"Le retour strat\u00e9gique de Boziz\u00e9"},"content":{"rendered":"<div class=\"td-post-featured-image\"><a href=\"https:\/\/i0.wp.com\/www.sidwaya.info\/wp-content\/uploads\/2019\/12\/Trait-de-plume-1.jpg?fit=738%2C493&#038;ssl=1\" data-caption=\"\"><img loading=\"lazy\" decoding=\"async\" width=\"696\" height=\"465\" class=\"entry-thumb td-modal-image\" src=\"https:\/\/i0.wp.com\/www.sidwaya.info\/wp-content\/uploads\/2019\/12\/Trait-de-plume-1.jpg?resize=696%2C465&#038;ssl=1\" srcset=\"https:\/\/i0.wp.com\/www.sidwaya.info\/wp-content\/uploads\/2019\/12\/Trait-de-plume-1.jpg?w=738&#038;ssl=1 738w, https:\/\/i0.wp.com\/www.sidwaya.info\/wp-content\/uploads\/2019\/12\/Trait-de-plume-1.jpg?resize=300%2C200&#038;ssl=1 300w, https:\/\/i0.wp.com\/www.sidwaya.info\/wp-content\/uploads\/2019\/12\/Trait-de-plume-1.jpg?resize=696%2C465&#038;ssl=1 696w, https:\/\/i0.wp.com\/www.sidwaya.info\/wp-content\/uploads\/2019\/12\/Trait-de-plume-1.jpg?resize=629%2C420&#038;ssl=1 629w\" sizes=\"auto, (max-width: 696px) 100vw, 696px\" alt=\"\" title=\"Trait de plume\"\/><\/a><\/div>\n<p>En cette fin d\u2019ann\u00e9e 2019, un vent de retour au bercail souffle sur certains anciens chefs d\u2019Etat en exil. Apr\u00e8s l\u2019ancien pr\u00e9sident Amadou Toumani Tour\u00e9 (ATT), de retour \u00ab d\u00e9finitif \u00bb au Mali, le 15 d\u00e9cembre, de son long exil au S\u00e9n\u00e9gal (mars 2012) \u00e0 la suite d\u2019un coup d\u2019\u00c9tat dont il a \u00e9t\u00e9 victime, c\u2019est au tour de l\u2019ex-pr\u00e9sident centrafricain, Fran\u00e7ois Boziz\u00e9, de regagner Bangui, la capitale, le 16 d\u00e9cembre.<\/p>\n<p>\u00ab R\u00e9fugi\u00e9 \u00bb en Ouganda depuis 2013 lorsqu\u2019il a \u00e9t\u00e9 renvers\u00e9 par la r\u00e9bellion Seleka, il a \u00e9t\u00e9 accueilli par des membres de son parti, le Kwa Na Kwa (KNK). M\u00eame si jusque-l\u00e0, les modalit\u00e9s de ce retour ne sont pas pr\u00e9cises, cette \u00ab irruption \u00bb de l\u2019ex chef d\u2019Etat soul\u00e8ve de nombreuses inqui\u00e9tudes. Comment Boziz\u00e9 est-il rentr\u00e9 au pays, alors qu\u2019il est toujours sous sanction des Nations unies avec interdiction pour les compagnies a\u00e9riennes de le transporter par avion vers la Centrafrique ? Les autorit\u00e9s centrafricaines sont-elles au courant de ce retour ? Quelle influence aura-t-il sur la situation politique de son pays qui se pr\u00e9pare pour une \u00e9lection pr\u00e9sidentielle en 2020 ? Certes, une proc\u00e9dure administrative est en cours pour examiner la lev\u00e9e de l\u2019interdiction de tout voyage par avion au pr\u00e9sident Boziz\u00e9, mais l\u2019effet de surprise que son retour a cr\u00e9\u00e9 chez les autorit\u00e9s centrafricaines est le signe qu\u2019il est rentr\u00e9 au pays par la route.<\/p>\n<div class=\"td-a-rec td-a-rec-id-content_inline tdi_30_f9c td_block_template_1\"><a href=\"https:\/\/www.sidwaya.info\/wp-content\/uploads\/2019\/12\/Bandeau-11-De%CC%81cembre-3.jpg\"><img loading=\"lazy\" decoding=\"async\" src=\"https:\/\/www.sidwaya.info\/wp-content\/uploads\/2019\/12\/Bandeau-11-De%CC%81cembre-3.jpg\" alt=\"\" width=\"720\" height=\"90\" class=\"aligncenter size-full wp-image-17180\"\/><\/a><\/div>\n<p>De toute \u00e9vidence, il fallait s\u2019y attendre, parce que son \u00abcome-back \u00bb en cette fin d\u2019ann\u00e9e \u00e9tait la condition sine qua non pour se pr\u00e9senter \u00e0 la pr\u00e9sidentielle, pr\u00e9vue le 27 d\u00e9cembre 2020. Malgr\u00e9 tout in\u00e9ligibilit\u00e9 du fait des sanctions onusiennes (il est vis\u00e9 par un mandat d\u2019arr\u00eat international et ses avoirs ont \u00e9t\u00e9 gel\u00e9s), l\u2019ex-chef de l\u2019Etat ne s\u2019avoue pas vaincu. La rupture de l\u2019alliance par son parti, le KNK, avec l\u2019actuel pr\u00e9sident, Faustin-Archange Touadera, pour passer dans l\u2019opposition en 2017, annon\u00e7ait bien ce retour. Accusant l\u2019actuel chef de l\u2019Etat de \u00ab scandales financiers, mauvaise gouvernance \u00e9conomique et financi\u00e8re, actes de corruption \u00e0 la mairie de Bangui, exploitation d\u2019or d\u00e9sastreuse par des soci\u00e9t\u00e9s chinoises \u00e0 Bozoum \u2026 \u00bb, le KNK et son pr\u00e9sident sont \u00absceptiques \u00bb au sujet de l\u2019accord de paix sign\u00e9 \u00e0 Khartoum en f\u00e9vrier dernier avec les groupes arm\u00e9s. Au pr\u00e9sident de la Commission de l\u2019Union africaine, Moussa Faki Mahamat, au pr\u00e9sident fran\u00e7ais, Emmanuel Macron, ou encore au secr\u00e9taire g\u00e9n\u00e9ral des Nations unies, Ant\u00f3nio Guterres, Boziz\u00e9 a m\u00eame propos\u00e9 sans suite son aide dans le r\u00e9tablissement de la paix et de la s\u00e9curit\u00e9 en Centrafrique. Depuis juin 2019, il a engag\u00e9 son parti au sein de la plateforme \u00c9 Zingo Biani, qui milite pour la destitution du pr\u00e9sident Touadera, soutenant sa mise en accusation devant l\u2019Assembl\u00e9e nationale pour haute trahison. Les choses sont claires : \u00abBoz\u00bb voit bien que le pr\u00e9sident est plus isol\u00e9 que jamais, affaibli diplomatiquement depuis qu\u2019il s\u2019est rapproch\u00e9 de Moscou.<\/p>\n<p>Faisant des pieds et des mains pour obtenir une lev\u00e9e des sanctions de l\u2019ONU par le Conseil de s\u00e9curit\u00e9, Fran\u00e7ois Boziz\u00e9 multiplie les rencontres avec les chefs d\u2019Etat influents dans la crise centrafricaine, notamment le Congolais, Denis Sassou Nguesso ou le Burundais, Pierre Buyoya. Une man\u0153uvre qui pourrait se r\u00e9v\u00e9ler payante, puisque la France se serait montr\u00e9e \u00ab plus ouverte \u00bb \u00e0 son retour au pays, depuis quelques mois. A d\u00e9faut d\u2019\u00eatre candidat \u00e0 la pr\u00e9sidentielle, Boziz\u00e9 dont le parti est bien implant\u00e9 sur le territoire national, peut sans doute \u00eatre le faiseur de rois pour 2020 et obtenir des garanties pour le respect de son statut d\u2019ancien chef d\u2019\u00c9tat. Il s\u2019agit donc pour lui, d\u2019un retour strat\u00e9gique \u00e0 l\u2019or\u00e9e de 2020. A moins que les autorit\u00e9s centrafricaines ne d\u00e9jouent son plan en l\u2019arr\u00eatant. Ce qui serait surprenant, puisque ces six derni\u00e8res ann\u00e9es, aucune autorit\u00e9 n\u2019a cherch\u00e9 \u00e0 appliquer le mandat d\u2019arr\u00eat international \u00e9mis contre lui en 2013.<\/p>\n<p class=\"c1\"><strong>Jean-Marie TOE<\/strong><\/p>\n<div class=\"td-a-rec td-a-rec-id-content_bottom tdi_31_9db td_block_template_1\"><img loading=\"lazy\" decoding=\"async\" class=\"aligncenter size-full wp-image-9623\" src=\"https:\/\/www.sidwaya.info\/wp-content\/uploads\/2019\/06\/Projet-bannie%CC%80re-Orange-mobile.jpg\" alt=\"\" width=\"728\" height=\"81\"\/><\/div>\n<p>Auteur: DD. Sidwaya<br \/>\n<a href=\"https:\/\/www.sidwaya.info\/blog\/2019\/12\/16\/le-retour-strategique-de-bozize\/\">Cliquez ici pour lire l&rsquo;article depuis sa source.<\/a><\/p>\n","protected":false},"excerpt":{"rendered":"<p>En cette fin d\u2019ann\u00e9e 2019, un vent de retour au bercail souffle sur certains anciens chefs d\u2019Etat en exil. Apr\u00e8s l\u2019ancien pr\u00e9sident Amadou Toumani Tour\u00e9 (ATT), de retour \u00ab d\u00e9finitif \u00bb au Mali, le 15 d\u00e9cembre, de son long exil au S\u00e9n\u00e9gal (mars 2012) \u00e0 la suite d\u2019un coup d\u2019\u00c9tat dont il a \u00e9t\u00e9 victime, [&hellip;]<\/p>\n","protected":false},"author":1816,"featured_media":0,"comment_status":"closed","ping_status":"closed","sticky":false,"template":"","format":"standard","meta":{"fifu_image_url":"","fifu_image_alt":"","footnotes":""},"categories":[73,81],"tags":[],"class_list":["post-70448","post","type-post","status-publish","format-standard","hentry","category-actualite","category-burkina-faso"],"_links":{"self":[{"href":"https:\/\/linitiative.ca\/International\/wp-json\/wp\/v2\/posts\/70448","targetHints":{"allow":["GET"]}}],"collection":[{"href":"https:\/\/linitiative.ca\/International\/wp-json\/wp\/v2\/posts"}],"about":[{"href":"https:\/\/linitiative.ca\/International\/wp-json\/wp\/v2\/types\/post"}],"author":[{"embeddable":true,"href":"https:\/\/linitiative.ca\/International\/wp-json\/wp\/v2\/users\/1816"}],"replies":[{"embeddable":true,"href":"https:\/\/linitiative.ca\/International\/wp-json\/wp\/v2\/comments?post=70448"}],"version-history":[{"count":0,"href":"https:\/\/linitiative.ca\/International\/wp-json\/wp\/v2\/posts\/70448\/revisions"}],"wp:attachment":[{"href":"https:\/\/linitiative.ca\/International\/wp-json\/wp\/v2\/media?parent=70448"}],"wp:term":[{"taxonomy":"category","embeddable":true,"href":"https:\/\/linitiative.ca\/International\/wp-json\/wp\/v2\/categories?post=70448"},{"taxonomy":"post_tag","embeddable":true,"href":"https:\/\/linitiative.ca\/International\/wp-json\/wp\/v2\/tags?post=70448"}],"curies":[{"name":"wp","href":"https:\/\/api.w.org\/{rel}","templated":true}]}}