{"id":70449,"date":"2019-12-16T16:03:39","date_gmt":"2019-12-16T21:03:39","guid":{"rendered":"https:\/\/linitiative.ca\/International\/recrutement-des-volontaires-de-la-defense-le-projet-de-loi-bientot-soumis-a-lassemblee-nationale\/"},"modified":"2019-12-16T16:03:39","modified_gmt":"2019-12-16T21:03:39","slug":"recrutement-des-volontaires-de-la-defense-le-projet-de-loi-bientot-soumis-a-lassemblee-nationale","status":"publish","type":"post","link":"https:\/\/linitiative.ca\/International\/recrutement-des-volontaires-de-la-defense-le-projet-de-loi-bientot-soumis-a-lassemblee-nationale\/","title":{"rendered":"Recrutement des volontaires  de la d\u00e9fense  : le projet de loi \u00abbient\u00f4t\u00bb soumis \u00e0 l\u2019Assembl\u00e9e nationale"},"content":{"rendered":"<div class=\"td-post-featured-image\"><a href=\"https:\/\/i0.wp.com\/www.sidwaya.info\/wp-content\/uploads\/2019\/12\/1-30.jpg?fit=612%2C524&#038;ssl=1\" data-caption=\"\"><img loading=\"lazy\" decoding=\"async\" width=\"612\" height=\"524\" class=\"entry-thumb td-modal-image\" src=\"https:\/\/i0.wp.com\/www.sidwaya.info\/wp-content\/uploads\/2019\/12\/1-30.jpg?resize=612%2C524&#038;ssl=1\" srcset=\"https:\/\/i0.wp.com\/www.sidwaya.info\/wp-content\/uploads\/2019\/12\/1-30.jpg?w=612&#038;ssl=1 612w, https:\/\/i0.wp.com\/www.sidwaya.info\/wp-content\/uploads\/2019\/12\/1-30.jpg?resize=300%2C257&#038;ssl=1 300w, https:\/\/i0.wp.com\/www.sidwaya.info\/wp-content\/uploads\/2019\/12\/1-30.jpg?resize=491%2C420&#038;ssl=1 491w\" sizes=\"auto, (max-width: 612px) 100vw, 612px\" alt=\"\" title=\"1\"\/><\/a><\/div>\n<p><strong>Le Conseil des ministres s\u2019est tenu, le lundi 16 d\u00e9cembre 2019 \u00e0 Ouagadougou, sous la pr\u00e9sidence du chef de l\u2019Etat, Roch Marc Christian Kabor\u00e9. Plusieurs dossiers ont \u00e9t\u00e9 examin\u00e9s, parmi lesquels, l\u2019adoption d\u2019un projet de loi instituant le recrutement de volontaires pour la lutte contre le terrorisme.<\/strong><\/p>\n<p>Les travaux du Conseil des ministres se sont tenus, hier lundi 16 d\u00e9cembre 2019, au palais de Kosyam. Plusieurs dossiers ont \u00e9t\u00e9 examin\u00e9s. Revenant sur le contenu des dossiers inscrits \u00e0 l\u2019ordre du jours, le ministre de la Communication et des Relations avec le Parlement, Porte-parole du gouvernement, R\u00e9mis Fulgance Djandjinou, a fait savoir qu\u2019au titre du minist\u00e8re de la D\u00e9fense et des Anciens combattants, le conseil a adopt\u00e9 un projet de loi instituant le recrutement des volontaires pour la d\u00e9fense de la patrie. L\u2019objectif de ce projet de loi, selon le ministre Dandjinou, est de contribuer au renforcement de la lutte contre le terrorisme \u00e0 l\u2019\u00e9chelle des villages et des secteurs.<\/p>\n<div class=\"td-a-rec td-a-rec-id-content_inline tdi_30_f3d td_block_template_1\"><a href=\"https:\/\/www.sidwaya.info\/wp-content\/uploads\/2019\/12\/Bandeau-11-De%CC%81cembre-3.jpg\"><img loading=\"lazy\" decoding=\"async\" src=\"https:\/\/www.sidwaya.info\/wp-content\/uploads\/2019\/12\/Bandeau-11-De%CC%81cembre-3.jpg\" alt=\"\" width=\"720\" height=\"90\" class=\"aligncenter size-full wp-image-17180\"\/><\/a><\/div>\n<p>\u00ab Ce projet de loi sera pr\u00e9sent\u00e9 \u00e0 l\u2019Assembl\u00e9e nationale, afin de rendre op\u00e9rationnel cet engagement du pr\u00e9sident du Faso tout en lui donnant un cadre l\u00e9gal \u00bb, a-t-il soutenu. Pour ce qui concerne le minist\u00e8re de la Justice, l\u2019ex\u00e9cutif a adopt\u00e9 un d\u00e9cret portant cr\u00e9ation et nomination de charges notariales. A ce propos, a indiqu\u00e9 le Porte-parole du gouvernement, cinq charges de notaire ont \u00e9t\u00e9 cr\u00e9\u00e9es \u00e0 Ouagadougou et trois \u00e0 Bobo-Dioulasso. Dans le m\u00eame d\u00e9partement, a-t-il poursuivi, il a \u00e9t\u00e9 adopt\u00e9 un d\u00e9cret portant remise de peines \u00e0 des d\u00e9tenus condamn\u00e9s, \u00e0 compter du 1er janvier 2020. Ces derniers, \u00e0 l\u2019entendre, doivent avoir purg\u00e9 la moiti\u00e9 de leur peine et sont choisis en raison de la pr\u00e9carit\u00e9 de leur \u00e9tat de sant\u00e9, de l\u2019\u00e2ge de la minorit\u00e9 p\u00e9nale ou de la vieillesse. Ainsi, ce sont au total 643 d\u2019entre eux qui verront leurs peines remises, soit 165 d\u00e9tenus pour remise de reliquat de peines et 478 d\u00e9tenus pour remise partielle de peines allant de trois \u00e0 huit mois.<\/p>\n<p>Dans le d\u00e9partement de l\u2019Economie et des Finances, les travaux du Conseil des ministres se sont pench\u00e9s sur la finance inclusive. A en croire M. Djandjinou, l\u2019ex\u00e9cutif a adopt\u00e9 un d\u00e9cret portant cr\u00e9ation du Fonds national de la finance inclusive (FONAFI). Ce fonds va permettre, a-t-il expliqu\u00e9, de mettre en \u0153uvre l\u2019engagement du pr\u00e9sident du Faso d\u2019accompagner l\u2019\u00e9conomie informelle et les groupes vuln\u00e9rables en particulier afin d\u2019acc\u00e9der \u00e0 des services financiers adapt\u00e9s \u00e0 leurs besoins. \u00ab Les \u00e9l\u00e9ments recherch\u00e9s consistent \u00e0 mobiliser les ressources destin\u00e9es au financement des secteurs productifs, \u00e0 g\u00e9rer leurs lignes de financement et \u00e0 appuyer le d\u00e9veloppement de produits innovants \u00bb, a fait savoir le Porte-parole du gouvernement.<\/p>\n<p>S\u2019agissant des m\u00e9dias d\u2019Etat, il a ajout\u00e9 que le gouvernement a adopt\u00e9 deux d\u00e9crets portant d\u00e9rogation aux r\u00e8gles de la comptabilit\u00e9 publique au profit des Editions Sidwaya et de la RTB. Pour lui, ces d\u00e9rogations visent \u00e0 permettre d\u2019avoir \u00ab une certaine souplesse dans la gestion de ces Etablissements publics de l\u2019Etat (EPE) afin d\u2019am\u00e9liorer leurs performances financi\u00e8res et de satisfaire les engagements pris par le gouvernement dans le cadre des n\u00e9gociations avec les syndicats \u00bb.<\/p>\n<p class=\"c1\"><strong>Souma\u00efla BONKOUNGOU<\/strong><\/p>\n<div class=\"td-a-rec td-a-rec-id-content_bottom tdi_31_d8d td_block_template_1\"><img loading=\"lazy\" decoding=\"async\" class=\"aligncenter size-full wp-image-9623\" src=\"https:\/\/www.sidwaya.info\/wp-content\/uploads\/2019\/06\/Projet-bannie%CC%80re-Orange-mobile.jpg\" alt=\"\" width=\"728\" height=\"81\"\/><\/div>\n<p>Auteur: DD. Sidwaya<br \/>\n<a href=\"https:\/\/www.sidwaya.info\/blog\/2019\/12\/16\/recrutement-des-volontaires-de-la-defense-le-projet-de-loi-bientot-soumis-a-lassemblee-nationale\/\">Cliquez ici pour lire l&rsquo;article depuis sa source.<\/a><\/p>\n","protected":false},"excerpt":{"rendered":"<p>Le Conseil des ministres s\u2019est tenu, le lundi 16 d\u00e9cembre 2019 \u00e0 Ouagadougou, sous la pr\u00e9sidence du chef de l\u2019Etat, Roch Marc Christian Kabor\u00e9. Plusieurs dossiers ont \u00e9t\u00e9 examin\u00e9s, parmi lesquels, l\u2019adoption d\u2019un projet de loi instituant le recrutement de volontaires pour la lutte contre le terrorisme. Les travaux du Conseil des ministres se sont [&hellip;]<\/p>\n","protected":false},"author":1816,"featured_media":0,"comment_status":"closed","ping_status":"closed","sticky":false,"template":"","format":"standard","meta":{"fifu_image_url":"","fifu_image_alt":"","footnotes":""},"categories":[73,81],"tags":[],"class_list":["post-70449","post","type-post","status-publish","format-standard","hentry","category-actualite","category-burkina-faso"],"_links":{"self":[{"href":"https:\/\/linitiative.ca\/International\/wp-json\/wp\/v2\/posts\/70449","targetHints":{"allow":["GET"]}}],"collection":[{"href":"https:\/\/linitiative.ca\/International\/wp-json\/wp\/v2\/posts"}],"about":[{"href":"https:\/\/linitiative.ca\/International\/wp-json\/wp\/v2\/types\/post"}],"author":[{"embeddable":true,"href":"https:\/\/linitiative.ca\/International\/wp-json\/wp\/v2\/users\/1816"}],"replies":[{"embeddable":true,"href":"https:\/\/linitiative.ca\/International\/wp-json\/wp\/v2\/comments?post=70449"}],"version-history":[{"count":0,"href":"https:\/\/linitiative.ca\/International\/wp-json\/wp\/v2\/posts\/70449\/revisions"}],"wp:attachment":[{"href":"https:\/\/linitiative.ca\/International\/wp-json\/wp\/v2\/media?parent=70449"}],"wp:term":[{"taxonomy":"category","embeddable":true,"href":"https:\/\/linitiative.ca\/International\/wp-json\/wp\/v2\/categories?post=70449"},{"taxonomy":"post_tag","embeddable":true,"href":"https:\/\/linitiative.ca\/International\/wp-json\/wp\/v2\/tags?post=70449"}],"curies":[{"name":"wp","href":"https:\/\/api.w.org\/{rel}","templated":true}]}}