{"id":70455,"date":"2019-12-16T16:18:08","date_gmt":"2019-12-16T21:18:08","guid":{"rendered":"https:\/\/linitiative.ca\/International\/maroc-premiere-reunion-de-la-commission-speciale-sur-le-modele-de-developpement\/"},"modified":"2019-12-16T16:18:08","modified_gmt":"2019-12-16T21:18:08","slug":"maroc-premiere-reunion-de-la-commission-speciale-sur-le-modele-de-developpement","status":"publish","type":"post","link":"https:\/\/linitiative.ca\/International\/maroc-premiere-reunion-de-la-commission-speciale-sur-le-modele-de-developpement\/","title":{"rendered":"Maroc : Premi\u00e8re r\u00e9union de la Commission sp\u00e9ciale sur le mod\u00e8le de d\u00e9veloppement"},"content":{"rendered":"<div readability=\"32\">\n<p>Publi\u00e9 le 16.12.2019 \u00e0 22h18 par APA News<\/p>\n<\/div>\n<div readability=\"104\">\n<p>La commission sp\u00e9ciale sur le mod\u00e8le de d\u00e9veloppement au Maroc, a tenu, lundi \u00e0 Rabat, sa toute premi\u00e8re r\u00e9union, sous la pr\u00e9sidence de Chakib Benmoussa, charg\u00e9e de chapeauter les travaux de cette commission.Cette r\u00e9union, qui intervient juste apr\u00e8s la nomination par le Roi Mohammed VI de ces 35 membres, qui appartient \u00e0 divers horizons, vise un \u00e9tat des lieux minutieux et objectif et \u00e0 tracer les contours d\u2019un mod\u00e8le de d\u00e9veloppement renouvel\u00e9.<\/p>\n<p>Selon M. Benmoussa, les missions attribu\u00e9es \u00e0 la Commission sont ax\u00e9es sur deux principaux objectifs: faire un \u00e9tat des lieux pr\u00e9cis et objectif en vue de relever les dysfonctionnements et les points forts et tracer les contours d\u2019un mod\u00e8le de d\u00e9veloppement renouvel\u00e9 \u00e0 m\u00eame de permettre au Maroc d\u2019acc\u00e9der aux rangs des pays avanc\u00e9s.<\/p>\n<p>Il a \u00e9galement soulign\u00e9 que la mission de cette Commission rev\u00eat une importance extr\u00eame, au vu de l\u2019\u00e9normit\u00e9 des attentes et de l\u2019ampleur des d\u00e9fis que le Maroc doit relever \u00e0 travers une nouvelle dynamique lui permettant de jeter les fondements du processus de d\u00e9veloppement global sur des bases solides et durables.<\/p>\n<p>Cette dynamique, a-t-il estim\u00e9, repr\u00e9sente la pierre angulaire du nouveau mod\u00e8le de d\u00e9veloppement, dont les contours doivent \u00eatre trac\u00e9s dans l\u2019objectif de diversifier les sources de cr\u00e9ation de richesses et d\u2019\u00e9largir le cercle des b\u00e9n\u00e9ficiaires \u00e0 l\u2019ensemble des cat\u00e9gories sociales et espaces territoriaux, pr\u00e9cisant que la r\u00e9ussite de cet important chantier national exige des membres de la Commission de faire montre d\u2019audace dans leurs propositions, en totale harmonie avec les principes fondateurs de la Constitution du Royaume, tout en veillant \u00e0 ce que les suggestions soient r\u00e9alistes et ex\u00e9cutables.<\/p>\n<p>Pour lui, l\u2019adoption d\u2019une approche participative favorise la mobilisation de tous les acteurs aussi bien gouvernementaux que non gouvernementaux, autour de la n\u00e9cessit\u00e9 imp\u00e9rieuse de sortir avec des propositions et conclusions qui b\u00e9n\u00e9ficient du soutien de la majorit\u00e9 des parties, facilitant de ce fait, l\u2019appropriation collective des r\u00e9formes fondamentales et garantissant leur r\u00e9ussite.<\/p>\n<p>Le pr\u00e9sident de la CSMD a de m\u00eame expliqu\u00e9 que les principes r\u00e9gissant le travail de la Commission reposent essentiellement sur l\u2019efficacit\u00e9, la transparence et l\u2019action participative, le but \u00e9tant de cr\u00e9er un espace propice \u00e0 l\u2019intelligence collective.<\/p>\n<p>Par ailleurs, M. Benmoussa a relev\u00e9 que la r\u00e9vision du mod\u00e8le de d\u00e9veloppement a \u00e9t\u00e9 dict\u00e9e par la n\u00e9cessit\u00e9 d\u2019accompagner les mutations structurelles que conna\u00eet le contexte national et international, faisant savoir que la composition de la Commission r\u00e9unit les conditions de coh\u00e9sion et de compl\u00e9mentarit\u00e9, ce qui constitue les piliers \u00e0 m\u00eame d\u2019enrichir le d\u00e9bat et d\u2019aboutir \u00e0 des solutions innovantes et novatrices dans le cadre d\u2019un mod\u00e8le de d\u00e9veloppement au diapason des ambitions du Maroc et de ses citoyens.<br \/>Au-del\u00e0 des comp\u00e9tences et du principe d\u2019int\u00e9grit\u00e9, la composition de la Commission refl\u00e8te des consid\u00e9rations importantes qui consistent, notamment, en l\u2019appr\u00e9hension des questions li\u00e9es \u00e0 la soci\u00e9t\u00e9 marocaine, au vu des secteurs vitaux que repr\u00e9sentent ses membres, mais aussi dans la diversit\u00e9 et la pluralit\u00e9 des sp\u00e9cialit\u00e9s et de leur symbiose, ce qui cr\u00e9e un climat propice \u00e0 l\u2019intelligence collective et \u00e0 la convergence des visions conform\u00e9ment \u00e0 un dialogue constructif,<\/p>\n<p>Ces consid\u00e9rations, a-t-il estim\u00e9, consistent \u00e9galement \u00e0 insuffler un sang nouveau en impliquant des membres jeunes pour contribuer \u00e0 l\u2019\u00e9laboration des choix fondateurs du Maroc de demain, tout en s\u2019ouvrant sur les Marocains du monde vu leur importance comme passerelle entre le Royaume et son environnement international.<\/p>\n<\/div>\n<p>Auteur: APA News<br \/>\n<a href=\"https:\/\/www.journalducameroun.com\/maroc-premiere-reunion-de-la-commission-speciale-sur-le-modele-de-developpement\/\">Cliquez ici pour lire l&rsquo;article depuis sa source.<\/a><\/p>\n","protected":false},"excerpt":{"rendered":"<p>Publi\u00e9 le 16.12.2019 \u00e0 22h18 par APA News La commission sp\u00e9ciale sur le mod\u00e8le de d\u00e9veloppement au Maroc, a tenu, lundi \u00e0 Rabat, sa toute premi\u00e8re r\u00e9union, sous la pr\u00e9sidence de Chakib Benmoussa, charg\u00e9e de chapeauter les travaux de cette commission.Cette r\u00e9union, qui intervient juste apr\u00e8s la nomination par le Roi Mohammed VI de ces [&hellip;]<\/p>\n","protected":false},"author":1965,"featured_media":0,"comment_status":"closed","ping_status":"closed","sticky":false,"template":"","format":"standard","meta":{"fifu_image_url":"","fifu_image_alt":"","footnotes":""},"categories":[73,82],"tags":[],"class_list":["post-70455","post","type-post","status-publish","format-standard","hentry","category-actualite","category-cameroun"],"_links":{"self":[{"href":"https:\/\/linitiative.ca\/International\/wp-json\/wp\/v2\/posts\/70455","targetHints":{"allow":["GET"]}}],"collection":[{"href":"https:\/\/linitiative.ca\/International\/wp-json\/wp\/v2\/posts"}],"about":[{"href":"https:\/\/linitiative.ca\/International\/wp-json\/wp\/v2\/types\/post"}],"author":[{"embeddable":true,"href":"https:\/\/linitiative.ca\/International\/wp-json\/wp\/v2\/users\/1965"}],"replies":[{"embeddable":true,"href":"https:\/\/linitiative.ca\/International\/wp-json\/wp\/v2\/comments?post=70455"}],"version-history":[{"count":0,"href":"https:\/\/linitiative.ca\/International\/wp-json\/wp\/v2\/posts\/70455\/revisions"}],"wp:attachment":[{"href":"https:\/\/linitiative.ca\/International\/wp-json\/wp\/v2\/media?parent=70455"}],"wp:term":[{"taxonomy":"category","embeddable":true,"href":"https:\/\/linitiative.ca\/International\/wp-json\/wp\/v2\/categories?post=70455"},{"taxonomy":"post_tag","embeddable":true,"href":"https:\/\/linitiative.ca\/International\/wp-json\/wp\/v2\/tags?post=70455"}],"curies":[{"name":"wp","href":"https:\/\/api.w.org\/{rel}","templated":true}]}}