{"id":70456,"date":"2019-12-16T16:50:02","date_gmt":"2019-12-16T21:50:02","guid":{"rendered":"https:\/\/linitiative.ca\/International\/greve-a-la-sncf-et-la-ratp-des-caisses-et-des-cagnottes-pour-tenir\/"},"modified":"2019-12-16T16:50:02","modified_gmt":"2019-12-16T21:50:02","slug":"greve-a-la-sncf-et-la-ratp-des-caisses-et-des-cagnottes-pour-tenir","status":"publish","type":"post","link":"https:\/\/linitiative.ca\/International\/greve-a-la-sncf-et-la-ratp-des-caisses-et-des-cagnottes-pour-tenir\/","title":{"rendered":"Gr\u00e8ve \u00e0 la SNCF et la RATP: des caisses et des cagnottes pour tenir"},"content":{"rendered":"<div readability=\"32\">\n<p>Publi\u00e9 le 16.12.2019 \u00e0 22h50 par AFP<\/p>\n<\/div>\n<div readability=\"136\">\n<p>Caisse de gr\u00e8ve nationale \u00e0 la CFDT, cagnottes sur internet ou collectes locales\u2026 Vrai soutien financier ou simple coup de pouce, diff\u00e9rentes initiatives tentent de combler les trous sur les fiches de paie des agents de la SNCF et de la RATP en gr\u00e8ve contre la r\u00e9forme des retraites.<\/p>\n<p>\u00ab\u00a0Les gr\u00e9vistes perdent de l\u2019argent. Les combatifs s\u2019arrangent pour avoir un peu d\u2019argent de c\u00f4t\u00e9, mais c\u2019est dur, et plus dur quand le salaire est bas\u00a0\u00bb, souligne Fabien Dumas, secr\u00e9taire f\u00e9d\u00e9ral du syndicat SUD-Rail.<\/p>\n<p>La CFDT est la \u00ab\u00a0seule organisation syndicale fran\u00e7aise \u00e0 disposer d\u2019une caisse de gr\u00e8ve pour ses adh\u00e9rents\u00a0\u00bb, financ\u00e9e par une partie de leurs cotisations, note la conf\u00e9d\u00e9ration sur son site. Cette Caisse nationale d\u2019action syndicale (Cnas) aide \u00ab\u00a0financi\u00e8rement\u00a0\u00bb les adh\u00e9rents au-del\u00e0 de sept heures de gr\u00e8ve: une indemnit\u00e9 de 7,30 euros par heure pour les salari\u00e9s \u00e0 temps plein.<\/p>\n<p>\u00ab\u00a0Ce n\u2019est pas tout \u00e0 fait un Smic, mais pas tr\u00e8s loin. Cela compense une partie importante de la perte de salaire pour les plus basses r\u00e9mun\u00e9rations\u00a0\u00bb, rel\u00e8ve S\u00e9bastien Mariani, secr\u00e9taire g\u00e9n\u00e9ral adjoint de la CFDT-Cheminots. En parall\u00e8le, ce syndicat a lanc\u00e9 une cagnotte sur internet pour \u00ab\u00a0aider financi\u00e8rement les agents SNCF qui se mobilisent depuis le 5 d\u00e9cembre\u00a0\u00bb, premier jour de cette gr\u00e8ve illimit\u00e9e.<\/p>\n<p>Ce type de collecte fleurit sur le web, comme la \u00ab\u00a0cagnotte nationale en ligne\u00a0\u00bb organis\u00e9e par l\u2019Unsa ferroviaire, selon son secr\u00e9taire g\u00e9n\u00e9ral Didier Mathis. Ou celle lanc\u00e9e localement par des militants qui verseront \u00ab\u00a0chaque euro\u00a0\u00bb collect\u00e9 \u00ab\u00a0exclusivement \u00e0 (leurs) coll\u00e8gues de l\u2019Unsa ferroviaire de Languedoc-Roussillon en gr\u00e8ve reconductible\u00a0\u00bb pour \u00ab\u00a0limiter un peu leurs pertes\u00a0\u00bb, expliquent-ils.<\/p>\n<p>Chez SUD-Rail, \u00ab\u00a0rien n\u2019est pr\u00e9vu au niveau national\u00a0\u00bb, pr\u00e9cise Erik Meyer, secr\u00e9taire f\u00e9d\u00e9ral. Mais \u00ab\u00a0il y a des initiatives locales\u00a0\u00bb, ajoute Fabien Dumas. Par exemple, cette cagnotte ouverte sur internet par des militants parisiens \u00e0 la Gare de Lyon, qui \u00ab\u00a0redistribueront\u00a0\u00bb la somme r\u00e9colt\u00e9e \u00ab\u00a0\u00e0 tous les gr\u00e9vistes\u00a0\u00bb de la zone Paris-Sud-Est de la SNCF.<\/p>\n<p>\u2013 \u00ab\u00a0Fins de mois difficiles\u00a0\u00bb \u2013<\/p>\n<p>A la CGT-RATP, \u00ab\u00a0on n\u2019organise pas de caisse de gr\u00e8ve\u00a0\u00bb, indique Bertrand Hammache, son secr\u00e9taire g\u00e9n\u00e9ral, mais il peut y avoir \u00ab\u00a0des collectes autour des d\u00e9p\u00f4ts\u00a0\u00bb. Pas de caisse de gr\u00e8ve nationale non plus \u00e0 la CGT-Cheminots, d\u2019apr\u00e8s son porte-parole C\u00e9dric Robert.<\/p>\n<p>\u00ab\u00a0Des caisses de solidarit\u00e9 locales peuvent exister mais elles n\u2019ont pas vocation \u00e0 compenser la totalit\u00e9 des pertes\u00a0\u00bb car \u00ab\u00a0les cheminots gr\u00e9vistes vont perdre entre 60 et 100 euros de salaire par jour\u00a0\u00bb, signale-t-il.<\/p>\n<p>Sur les fiches de paie, des diminutions de salaires appara\u00eetront d\u00e8s le bulletin de d\u00e9cembre \u00e0 la SNCF. A la RATP, cela sera report\u00e9 \u00e0 la fin janvier. Les cheminots ont re\u00e7u mi-d\u00e9cembre leur prime de fin d\u2019ann\u00e9e. Les agents RATP avaient eux per\u00e7u leur 13e mois \u00e0 la fin novembre.<\/p>\n<p>\u00ab\u00a0Les gr\u00e9vistes font comme tous les Fran\u00e7ais qui ont des fins de mois difficiles. Certains ont envisag\u00e9 de prendre des cr\u00e9dits, de piocher dans leur d\u00e9couvert\u00a0\u00bb pour financer leur gr\u00e8ve, rapporte Thierry Babec, secr\u00e9taire g\u00e9n\u00e9ral de l\u2019Unsa-RATP, syndicat qui n\u2019a \u00ab\u00a0pas de cagnotte\u00a0\u00bb.<\/p>\n<p>Lors de la grande gr\u00e8ve de 36 jours en 2018 \u00e0 la SNCF contre la r\u00e9forme ferroviaire, des gr\u00e9vistes \u00ab\u00a0avaient emprunt\u00e9. Cette ann\u00e9e, le mouvement a \u00e9t\u00e9 annonc\u00e9 \u00e0 l\u2019avance. Beaucoup ont diff\u00e9r\u00e9 des d\u00e9penses, des projets de vacances\u2026 Tout ce qui n\u2019\u00e9tait pas indispensable\u00a0\u00bb, d\u00e9taille Fabien Dumas.<\/p>\n<p>En dehors du monde ferroviaire et de la RATP, le syndicat Info\u2019Com-CGT d\u00e9die actuellement aux salari\u00e9s en \u00ab\u00a0gr\u00e8ve reconductible\u00a0\u00bb contre la r\u00e9forme des retraites les fonds de sa \u00ab\u00a0caisse de solidarit\u00e9 financi\u00e8re\u00a0\u00bb, lanc\u00e9e en 2016 lors du conflit contre la loi Travail. A son compteur arr\u00eat\u00e9 vendredi dernier, elle affichait un \u00ab\u00a0montant disponible\u00a0\u00bb d\u00e9passant 330.000 euros.<\/p>\n<p>L\u2019an dernier, une cagnotte de soutien aux cheminots en gr\u00e8ve avait gagn\u00e9 plus d\u2019un million d\u2019euros sur internet. R\u00e9partis entre eux tous, les gr\u00e9vistes avaient re\u00e7u \u00ab\u00a0un soutien symbolique de 7 \u00e0 15 euros par jour de gr\u00e8ve\u00a0\u00bb, selon C\u00e9dric Robert.<\/p>\n<\/div>\n<p>Auteur: AFP<br \/>\n<a href=\"https:\/\/www.journalducameroun.com\/greve-a-la-sncf-et-la-ratp-des-caisses-et-des-cagnottes-pour-tenir\/\">Cliquez ici pour lire l&rsquo;article depuis sa source.<\/a><\/p>\n","protected":false},"excerpt":{"rendered":"<p>Publi\u00e9 le 16.12.2019 \u00e0 22h50 par AFP Caisse de gr\u00e8ve nationale \u00e0 la CFDT, cagnottes sur internet ou collectes locales\u2026 Vrai soutien financier ou simple coup de pouce, diff\u00e9rentes initiatives tentent de combler les trous sur les fiches de paie des agents de la SNCF et de la RATP en gr\u00e8ve contre la r\u00e9forme des [&hellip;]<\/p>\n","protected":false},"author":1965,"featured_media":0,"comment_status":"closed","ping_status":"closed","sticky":false,"template":"","format":"standard","meta":{"fifu_image_url":"","fifu_image_alt":"","footnotes":""},"categories":[73,82],"tags":[],"class_list":["post-70456","post","type-post","status-publish","format-standard","hentry","category-actualite","category-cameroun"],"_links":{"self":[{"href":"https:\/\/linitiative.ca\/International\/wp-json\/wp\/v2\/posts\/70456","targetHints":{"allow":["GET"]}}],"collection":[{"href":"https:\/\/linitiative.ca\/International\/wp-json\/wp\/v2\/posts"}],"about":[{"href":"https:\/\/linitiative.ca\/International\/wp-json\/wp\/v2\/types\/post"}],"author":[{"embeddable":true,"href":"https:\/\/linitiative.ca\/International\/wp-json\/wp\/v2\/users\/1965"}],"replies":[{"embeddable":true,"href":"https:\/\/linitiative.ca\/International\/wp-json\/wp\/v2\/comments?post=70456"}],"version-history":[{"count":0,"href":"https:\/\/linitiative.ca\/International\/wp-json\/wp\/v2\/posts\/70456\/revisions"}],"wp:attachment":[{"href":"https:\/\/linitiative.ca\/International\/wp-json\/wp\/v2\/media?parent=70456"}],"wp:term":[{"taxonomy":"category","embeddable":true,"href":"https:\/\/linitiative.ca\/International\/wp-json\/wp\/v2\/categories?post=70456"},{"taxonomy":"post_tag","embeddable":true,"href":"https:\/\/linitiative.ca\/International\/wp-json\/wp\/v2\/tags?post=70456"}],"curies":[{"name":"wp","href":"https:\/\/api.w.org\/{rel}","templated":true}]}}