{"id":70458,"date":"2019-12-16T17:50:03","date_gmt":"2019-12-16T22:50:03","guid":{"rendered":"https:\/\/linitiative.ca\/International\/plusieurs-leaders-syndicaux-saluent-les-qualites-de-dialogue-de-delevoye\/"},"modified":"2019-12-16T17:50:03","modified_gmt":"2019-12-16T22:50:03","slug":"plusieurs-leaders-syndicaux-saluent-les-qualites-de-dialogue-de-delevoye","status":"publish","type":"post","link":"https:\/\/linitiative.ca\/International\/plusieurs-leaders-syndicaux-saluent-les-qualites-de-dialogue-de-delevoye\/","title":{"rendered":"Plusieurs leaders syndicaux saluent les qualit\u00e9s de \u00ab\u00a0dialogue\u00a0\u00bb de Delevoye"},"content":{"rendered":"<div readability=\"32\">\n<p>Publi\u00e9 le 16.12.2019 \u00e0 23h50 par AFP<\/p>\n<\/div>\n<div readability=\"82\">\n<p>Le haut-commissaire aux Retraites, Jean-Paul Delevoye, qui a d\u00e9missionn\u00e9, est un \u00ab\u00a0homme de dialogue\u00a0\u00bb qui connaissait parfaitement ses dossiers et les portait avec \u00ab\u00a0conviction\u00a0\u00bb, ont salu\u00e9 lundi plusieurs responsables syndicaux, pourtant vent debout contre le projet de r\u00e9forme du gouvernement.<\/p>\n<p>\u00ab\u00a0Ca doit \u00eatre tr\u00e8s difficile pour lui. C\u2019est un homme de dialogue. Il portait avec une conviction qu\u2019on ne peut pas lui reprocher le projet du gouvernement\u00a0\u00bb, a r\u00e9agi le secr\u00e9taire g\u00e9n\u00e9ral de Force ouvri\u00e8re (FO), Yves Veyrier, sur LCI. \u00ab\u00a0J\u2019aime bien M. Delevoye (en tant que) personne, mais ce n\u2019est pas le sujet\u00a0\u00bb, a-t-il ajout\u00e9, rappelant que son syndicat \u00e9tait vent debout contre le projet.<\/p>\n<p>Cette d\u00e9mission \u00ab\u00a0tombe mal\u00a0\u00bb, a jug\u00e9 de son c\u00f4t\u00e9 Laurent Escure, de l\u2019Unsa, \u00e9galement sur LCI. Il a dit \u00ab\u00a0esp\u00e9rer\u00a0\u00bb que le successeur de M. Delevoye \u00ab\u00a0ait la m\u00eame connaissance technique et le m\u00eame respect pour les partenaires sociaux\u00a0\u00bb. De toute fa\u00e7on, a soulign\u00e9 M. Escure, \u00ab\u00a0les arbitrages et le dialogue se font (d\u00e9sormais) avec l\u2019Elys\u00e9e et Matignon\u00a0\u00bb et \u00ab\u00a0le haut-commissaire n\u2019\u00e9tait pas au premier plan\u00a0\u00bb.<\/p>\n<p>Avant l\u2019annonce de la d\u00e9mission de M. Delevoye, le secr\u00e9taire g\u00e9n\u00e9ral de la CFDT Laurent Berger avait lui aussi lou\u00e9 la \u00ab\u00a0loyaut\u00e9\u00a0\u00bb du haut-commissaire.<\/p>\n<p>Tout en se disant \u00ab\u00a0\u00e9bahi\u00a0\u00bb et \u00ab\u00a0abasourdi\u00a0\u00bb par les r\u00e9v\u00e9lations sur les mandats non d\u00e9clar\u00e9s du \u00ab\u00a0Monsieur Retraites\u00a0\u00bb du gouvernement, M. Berger a soulign\u00e9 que \u00ab\u00a0la concertation avec lui a \u00e9t\u00e9 loyale, il y a eu une confrontation d\u2019id\u00e9es intelligente, pour essayer de faire avancer les choses\u00a0\u00bb. \u00ab\u00a0Il ne nous a jamais pris en tra\u00eetres\u00a0\u00bb, a-t-il dit sur France Info.<\/p>\n<p>La pol\u00e9mique sur les mandats non d\u00e9clar\u00e9s de M. Delevoye nuit \u00ab\u00a0\u00e9videmment\u00a0\u00bb \u00e0 sa \u00ab\u00a0cr\u00e9dibilit\u00e9\u00a0\u00bb, mais \u00ab\u00a0sur le fond, (\u2026) il conna\u00eet tr\u00e8s bien le sujet, il est celui qui conna\u00eet le mieux les positions des diff\u00e9rents interlocuteurs\u00a0\u00bb, a jug\u00e9 M. Berger.<\/p>\n<\/div>\n<p>Auteur: AFP<br \/>\n<a href=\"https:\/\/www.journalducameroun.com\/plusieurs-leaders-syndicaux-saluent-les-qualites-de-dialogue-de-delevoye\/\">Cliquez ici pour lire l&rsquo;article depuis sa source.<\/a><\/p>\n","protected":false},"excerpt":{"rendered":"<p>Publi\u00e9 le 16.12.2019 \u00e0 23h50 par AFP Le haut-commissaire aux Retraites, Jean-Paul Delevoye, qui a d\u00e9missionn\u00e9, est un \u00ab\u00a0homme de dialogue\u00a0\u00bb qui connaissait parfaitement ses dossiers et les portait avec \u00ab\u00a0conviction\u00a0\u00bb, ont salu\u00e9 lundi plusieurs responsables syndicaux, pourtant vent debout contre le projet de r\u00e9forme du gouvernement. \u00ab\u00a0Ca doit \u00eatre tr\u00e8s difficile pour lui. C\u2019est [&hellip;]<\/p>\n","protected":false},"author":1965,"featured_media":0,"comment_status":"closed","ping_status":"closed","sticky":false,"template":"","format":"standard","meta":{"fifu_image_url":"","fifu_image_alt":"","footnotes":""},"categories":[73,82],"tags":[],"class_list":["post-70458","post","type-post","status-publish","format-standard","hentry","category-actualite","category-cameroun"],"_links":{"self":[{"href":"https:\/\/linitiative.ca\/International\/wp-json\/wp\/v2\/posts\/70458","targetHints":{"allow":["GET"]}}],"collection":[{"href":"https:\/\/linitiative.ca\/International\/wp-json\/wp\/v2\/posts"}],"about":[{"href":"https:\/\/linitiative.ca\/International\/wp-json\/wp\/v2\/types\/post"}],"author":[{"embeddable":true,"href":"https:\/\/linitiative.ca\/International\/wp-json\/wp\/v2\/users\/1965"}],"replies":[{"embeddable":true,"href":"https:\/\/linitiative.ca\/International\/wp-json\/wp\/v2\/comments?post=70458"}],"version-history":[{"count":0,"href":"https:\/\/linitiative.ca\/International\/wp-json\/wp\/v2\/posts\/70458\/revisions"}],"wp:attachment":[{"href":"https:\/\/linitiative.ca\/International\/wp-json\/wp\/v2\/media?parent=70458"}],"wp:term":[{"taxonomy":"category","embeddable":true,"href":"https:\/\/linitiative.ca\/International\/wp-json\/wp\/v2\/categories?post=70458"},{"taxonomy":"post_tag","embeddable":true,"href":"https:\/\/linitiative.ca\/International\/wp-json\/wp\/v2\/tags?post=70458"}],"curies":[{"name":"wp","href":"https:\/\/api.w.org\/{rel}","templated":true}]}}