{"id":70459,"date":"2019-12-16T11:23:28","date_gmt":"2019-12-16T16:23:28","guid":{"rendered":"https:\/\/linitiative.ca\/International\/par-dieudonne-essombaopposants-laissez-le-verbiage-philosophique-et-parlez-dargent\/"},"modified":"2019-12-16T11:23:28","modified_gmt":"2019-12-16T16:23:28","slug":"par-dieudonne-essombaopposants-laissez-le-verbiage-philosophique-et-parlez-dargent","status":"publish","type":"post","link":"https:\/\/linitiative.ca\/International\/par-dieudonne-essombaopposants-laissez-le-verbiage-philosophique-et-parlez-dargent\/","title":{"rendered":"Par Dieudonn\u00e9 ESSOMBA*Opposants, laissez le verbiage philosophique et parlez d\u2019argent !"},"content":{"rendered":"<p><img loading=\"lazy\" decoding=\"async\" class=\" wp-image-14487 alignleft jetpack-lazy-image\" src=\"https:\/\/ecomatin.net\/wp-content\/uploads\/2019\/12\/Dieudonn\u00e9-Essomba-780x440-1-300x169.jpg?is-pending-load=1\" alt=\"\" width=\"192\" height=\"108\" data-lazy-srcset=\"https:\/\/ecomatin.net\/wp-content\/uploads\/2019\/12\/Dieudonn\u00e9-Essomba-780x440-1-300x169.jpg 300w, https:\/\/ecomatin.net\/wp-content\/uploads\/2019\/12\/Dieudonn\u00e9-Essomba-780x440-1-768x433.jpg 768w, https:\/\/ecomatin.net\/wp-content\/uploads\/2019\/12\/Dieudonn\u00e9-Essomba-780x440-1-390x220.jpg 390w, https:\/\/ecomatin.net\/wp-content\/uploads\/2019\/12\/Dieudonn\u00e9-Essomba-780x440-1.jpg 780w\" data-lazy-sizes=\"(max-width: 192px) 100vw, 192px\" srcset=\"data:image\/gif;base64,R0lGODlhAQABAIAAAAAAAP\/\/\/yH5BAEAAAAALAAAAAABAAEAAAIBRAA7\"\/><\/p>\n<p><noscript><\/p>\n<p><img loading=\"lazy\" decoding=\"async\" class=\" wp-image-14487 alignleft\" src=\"https:\/\/ecomatin.net\/wp-content\/uploads\/2019\/12\/Dieudonn%C3%A9-Essomba-780x440-1-300x169.jpg\" alt=\"\" width=\"192\" height=\"108\" srcset=\"https:\/\/ecomatin.net\/wp-content\/uploads\/2019\/12\/Dieudonn\u00e9-Essomba-780x440-1-300x169.jpg 300w, https:\/\/ecomatin.net\/wp-content\/uploads\/2019\/12\/Dieudonn\u00e9-Essomba-780x440-1-768x433.jpg 768w, https:\/\/ecomatin.net\/wp-content\/uploads\/2019\/12\/Dieudonn\u00e9-Essomba-780x440-1-390x220.jpg 390w, https:\/\/ecomatin.net\/wp-content\/uploads\/2019\/12\/Dieudonn\u00e9-Essomba-780x440-1.jpg 780w\" sizes=\"auto, (max-width: 192px) 100vw, 192px\"\/><\/p>\n<p><\/noscript>Dans un pays comme le Cameroun, la seule chose qui compte, c\u2019est l\u2019argent. Ce sont les 5 000 milliards de FCFA du budget qui constituent l\u2019ossature de l\u2019action publique, car c\u2019est argent qui paie les agents publics, qui construit les routes, qui financent l\u2019administration, qui soutient la justice, la police politique, l\u2019arm\u00e9e, la dictature !<\/p>\n<p>Toucher \u00e0 la gestion de cet argent, c\u2019est toucher au fondement m\u00eame de la gouvernance du Cameroun. Tout dirigeant qui a le contr\u00f4le de cet argent sera un dictateur et ne peut \u00eatre autre chose. Car avec ces ressources publiques qu\u2019il g\u00e8re de mani\u00e8re exclusive, on ne voit pas tr\u00e8s bien comment il peut r\u00e9sister \u00e0 la tentation de se perp\u00e9tuer au pouvoir, encourag\u00e9 par les r\u00e9seaux d\u2019int\u00e9r\u00eat qui en profitent pour poursuivre leur mainmise sur l\u2019\u00c9tat.<\/p>\n<p>C\u2019est exactement ce qui se passe dans tous les pays d\u2019Afrique Centrale, o\u00f9 de vieux dictateurs utilisent cette cagnotte pour verrouiller le pouvoir, et m\u00eame le transmettre \u00e0 leur prog\u00e9niture.<\/p>\n<p>Au Cameroun notamment, le r\u00e9gime en place nous fait croire qu\u2019il g\u00e8re tout cet argent pour l\u2019unit\u00e9 nationale et le d\u00e9veloppement. Le genre d\u2019argument qu\u2019utilise un oncle qui, g\u00e9rant la plantation commune laiss\u00e9e par le grand-p\u00e8re, refuse de la partager ses neveux, au motif que c\u2019est l\u2019indivision qui r\u00e9alise l\u2019unit\u00e9!<\/p>\n<p>Or, on ne voit nulle part ni cette unit\u00e9 nationale qu\u2019on nous bassine les oreilles et qui est totalement d\u00e9mentie par les violentes tensions tribales qui \u00e9maillent la vie politique, sans compter la sanglante S\u00e9cession anglophone, ni ce d\u00e9veloppement, avec un pays totalement bloqu\u00e9, et sans la moindre perspective.<\/p>\n<p>C\u2019est un mod\u00e8le qui a totalement \u00e9chou\u00e9.<\/p>\n<p>Et c\u2019est l\u00e0-dessus que la strat\u00e9gie de nos opposants est relativement inaudible. S\u2019ils contestent des aspects pertinents de la politique du renouveau, on ne voit pratiquement aucun qui remet en cause ce mod\u00e8le en parlant d\u2019argent, c\u2019est-\u00e0-dire, le nerf de la guerre !<\/p>\n<p>Trop de philosophie ! On dirait que la majorit\u00e9 est habit\u00e9e dans leur subconscient profond par le souhait secret de remplacer Biya et de g\u00e9rer \u00e0 sa place les 5 000 milliards de FCFA, soi-disant qu\u2019ils vont faire mieux !<\/p>\n<p>Ils vont faire mieux comment ? Ils sont plus honn\u00eates que qui ? Plus comp\u00e9tents que qui ?<\/p>\n<p>Il faut leur dire clairement que le probl\u00e8me au Cameroun n\u2019est pas la mauvaise gouvernance de l\u2019\u00c9tat, ni l\u2019absence de d\u00e9mocratie, mais l\u2019argent collectif g\u00e9r\u00e9 par un seul individu et ses affid\u00e9s.<\/p>\n<p>C\u2019est le fait que l\u2019argent collectif est g\u00e9r\u00e9 par une seule main qui se pr\u00e9tend une divinit\u00e9 terrestre qui est \u00e0 l\u2019origine de tout le d\u00e9sordre au Cameroun, de toute la haine, de toute la mis\u00e8re et de tout le sous-d\u00e9veloppement.<\/p>\n<p>Car, qu\u2018on le veuille ou pas, la dictature, la violence, le tribalisme, la haine, tout cela vient de l\u2019utilisation de l\u2019argent collectif dans un certain sens.<\/p>\n<p>Il n\u2019y a donc pas de d\u00e9bats s\u00e9rieux quand les gens se dispersent dans des probl\u00e9matiques st\u00e9riles sans parler d\u2019argent.<\/p>\n<p>Peu importe l\u2019intelligence de quelqu\u2019un, son exp\u00e9rience, son \u00e2ge : s\u2019il ne tient pas le discours sur l\u2019argent, s\u2019il ne nous explique pas comment il compte utiliser les 5 000 milliards de FCFA de budget.<\/p>\n<p>Pour moi, les choses sont claires : il n\u2019est plus question qu\u2019un individu, f\u00fbt-il J\u00e9sus-Christ lui-m\u00eame, g\u00e8re cet argent soi-disant qu\u2019il a re\u00e7u le mandat divin de b\u00e2tir le Cameroun.<\/p>\n<p>Les choses doivent \u00eatre d\u00e9sormais claires : le Pr\u00e9sident central ou f\u00e9d\u00e9ral g\u00e8re, avec son Gouvernement, la moiti\u00e9 des 5 000 milliards, sans un sous de plus.<\/p>\n<p>L\u2019autre moiti\u00e9 doit revenir aux \u00c9tats R\u00e9gionaux ou F\u00e9d\u00e9r\u00e9s qui les g\u00e8rent de mani\u00e8re souveraine, chacun renfor\u00e7ant ses parts avec les recettes locales dans les mati\u00e8res non ax\u00e9es par le Gouvernement central.<\/p>\n<p>Voil\u00e0 le bon mod\u00e8le !<\/p>\n<p>Et voici ce que je recommande aux opposants, mais aussi aux gens du r\u00e9gime qui savent que leur mod\u00e8le a totalement \u00e9chou\u00e9 :<\/p>\n<p><em>\u00ab Le seul combat qui vaille maintenant la peine, c\u2019est obliger le r\u00e9gime \u00e0 partager l\u2019argent collectif qui ne lui appartient pas ! Il est absolument n\u00e9cessaire, pour la survie du Cameroun, de retirer la moiti\u00e9 des ressources publiques des mains de <strong>Biya<\/strong> et ses gens, ou m\u00eame de ceux qui vont leur succ\u00e9der !<\/em><\/p>\n<p><em>Faites tout ce qui est en votre pouvoir pour atteindre cet objectif et ne vous dispersez pas dans des probl\u00e9matiques scolastiques et qui ne nous avancent pas ! Car, en d\u00e9pit de tout le verbiage, tant que les 5 000 milliards ne seront pas partag\u00e9s moiti\u00e9-moiti\u00e9 entre l\u2019\u00c9tat Central et les \u00c9tats r\u00e9gionaux, le Cameroun ne sortira jamais de la dictature, de la mis\u00e8re, de la mauvaise gouvernance et du tribalisme \u00bb.<\/em><\/p>\n<p><strong><em>(*) Ing\u00e9nieur Statisticien, \u00c9conomiste, Membre du Club des \u00c9ditorialistes d\u2019EcoMatin<\/em><\/strong><\/p>\n<div class=\"sharedaddy sd-sharing-enabled robots-nocontent sd-block sd-social sd-social-icon-text sd-sharing\">\n<h3 class=\"sd-title\">Partager\u00a0:<\/h3>\n<\/div>\n<p><h3 class=\"jp-relatedposts-headline\"><em>Articles similaires<\/em><\/h3>\n<\/p>\n<p>Auteur: Francky<br \/>\n<a href=\"https:\/\/ecomatin.net\/par-dieudonne-essombaopposants-laissez-le-verbiage-philosophique-et-parlez-dargent\/\">Cliquez ici pour lire l&rsquo;article depuis sa source.<\/a><\/p>\n","protected":false},"excerpt":{"rendered":"<p>Dans un pays comme le Cameroun, la seule chose qui compte, c\u2019est l\u2019argent. Ce sont les 5 000 milliards de FCFA du budget qui constituent l\u2019ossature de l\u2019action publique, car c\u2019est argent qui paie les agents publics, qui construit les routes, qui financent l\u2019administration, qui soutient la justice, la police politique, l\u2019arm\u00e9e, la dictature ! [&hellip;]<\/p>\n","protected":false},"author":1969,"featured_media":0,"comment_status":"closed","ping_status":"closed","sticky":false,"template":"","format":"standard","meta":{"fifu_image_url":"","fifu_image_alt":"","footnotes":""},"categories":[82,78],"tags":[],"class_list":["post-70459","post","type-post","status-publish","format-standard","hentry","category-cameroun","category-economie"],"_links":{"self":[{"href":"https:\/\/linitiative.ca\/International\/wp-json\/wp\/v2\/posts\/70459","targetHints":{"allow":["GET"]}}],"collection":[{"href":"https:\/\/linitiative.ca\/International\/wp-json\/wp\/v2\/posts"}],"about":[{"href":"https:\/\/linitiative.ca\/International\/wp-json\/wp\/v2\/types\/post"}],"author":[{"embeddable":true,"href":"https:\/\/linitiative.ca\/International\/wp-json\/wp\/v2\/users\/1969"}],"replies":[{"embeddable":true,"href":"https:\/\/linitiative.ca\/International\/wp-json\/wp\/v2\/comments?post=70459"}],"version-history":[{"count":0,"href":"https:\/\/linitiative.ca\/International\/wp-json\/wp\/v2\/posts\/70459\/revisions"}],"wp:attachment":[{"href":"https:\/\/linitiative.ca\/International\/wp-json\/wp\/v2\/media?parent=70459"}],"wp:term":[{"taxonomy":"category","embeddable":true,"href":"https:\/\/linitiative.ca\/International\/wp-json\/wp\/v2\/categories?post=70459"},{"taxonomy":"post_tag","embeddable":true,"href":"https:\/\/linitiative.ca\/International\/wp-json\/wp\/v2\/tags?post=70459"}],"curies":[{"name":"wp","href":"https:\/\/api.w.org\/{rel}","templated":true}]}}