{"id":70460,"date":"2019-12-16T11:31:40","date_gmt":"2019-12-16T16:31:40","guid":{"rendered":"https:\/\/linitiative.ca\/International\/vers-une-augmentation-du-capital-de-la-bicec\/"},"modified":"2019-12-16T11:31:40","modified_gmt":"2019-12-16T16:31:40","slug":"vers-une-augmentation-du-capital-de-la-bicec","status":"publish","type":"post","link":"https:\/\/linitiative.ca\/International\/vers-une-augmentation-du-capital-de-la-bicec\/","title":{"rendered":"Vers une augmentation du capital de la BICEC"},"content":{"rendered":"<div class=\"featured-area featured-area-inner\"><img loading=\"lazy\" decoding=\"async\" width=\"780\" height=\"405\" src=\"https:\/\/ecomatin.net\/wp-content\/uploads\/2019\/12\/Agence-Bicec-780x440-1-780x405.jpg?is-pending-load=1\" class=\"attachment-jannah-image-post size-jannah-image-post wp-post-image jetpack-lazy-image\" alt=\"\" srcset=\"data:image\/gif;base64,R0lGODlhAQABAIAAAAAAAP\/\/\/yH5BAEAAAAALAAAAAABAAEAAAIBRAA7\"\/><\/div>\n<div class=\"entry-content entry clearfix\" readability=\"54.1540711848\">\n<p>L\u2019augmentation du capital de la <strong>Banque Internationale du Cameroun pour l\u2019Epargne et le Cr\u00e9dit (BICEC)<\/strong> contr\u00f4l\u00e9e depuis octobre dernier par le Groupe marocain Banque Centrale Populaire (<strong>BCP<\/strong>) est le point d\u2019orgue de la prochaine assembl\u00e9e g\u00e9n\u00e9rale. Le 20 d\u00e9cembre 2019, les actionnaires de la Bicec se retrouveront au si\u00e8ge de l\u2019entreprise \u00e0 Douala dans le cadre d\u2019une assembl\u00e9e g\u00e9n\u00e9rale.<\/p>\n<hr\/>\n<h5>>> Lire aussi \u2013 <a href=\"https:\/\/ecomatin.net\/bicec-les-defis-du-nouveau-directeur-general\/\">BICEC : les d\u00e9fis du nouveau directeur g\u00e9n\u00e9ral<\/a><\/h5>\n<hr\/>\n<p>Bien que d\u2019autres d\u00e9tails ne soient livr\u00e9s, il faut dire qu\u2019en date du 11 novembre, il a \u00e9t\u00e9 constat\u00e9 une pr\u00e9sence r\u00e9p\u00e9t\u00e9e du pr\u00e9sident du conseil d\u2019administration <strong>Jean Baptiste Bokam<\/strong> \u00e0 la direction g\u00e9n\u00e9rale, toute chose qui a acc\u00e9l\u00e9r\u00e9 la tenue d\u2019un conseil d\u2019administration extraordinaire avec les actionnaires majoritaires de la banque. On se souvient que bien avant le closing entre BPCE et BCP, la COBAC avait marqu\u00e9 son accord pour la recapitalisation de la Bicec. \u00c0 ce titre il avait \u00e9t\u00e9 convenu une augmentation du capital \u00e0 hauteur de <strong>50 millions d\u2019euros<\/strong> venant du groupe fran\u00e7ais de la BPCE.<\/p>\n<p>Depuis octobre, la Banque Centrale Populaire (BCP) a conclu une acquisition avec le groupe fran\u00e7ais. La banque marocaine a finalis\u00e9 le rachat de 68,5 % du capital de la Banque Internationale du Cameroun pour l\u2019Epargne et le Cr\u00e9dit. <em>\u00ab En rejoignant le groupe Banque Centrale Populaire, la Bicec b\u00e9n\u00e9ficiera des meilleures pratiques bancaires, d\u2019innovations et d\u2019expertises adapt\u00e9es au march\u00e9 africain. Avec l\u2019appui de ses nouveaux actionnaires de r\u00e9f\u00e9rence, la BCP et l\u2019\u00c9tat camerounais, la Bicec entame dor\u00e9navant une nouvelle phase de son d\u00e9veloppement, en pla\u00e7ant la satisfaction de ses clients et la promotion des talents locaux au centre de ses priorit\u00e9s \u00bb,<\/em> a-t-on expliqu\u00e9 lors de la c\u00e9r\u00e9monie officielle organis\u00e9e le 1er octobre au si\u00e8ge de la Bicec \u00e0 Douala-Bonanjo.<\/p>\n<div class=\"sharedaddy sd-sharing-enabled robots-nocontent sd-block sd-social sd-social-icon-text sd-sharing\">\n<h3 class=\"sd-title\">Partager\u00a0:<\/h3>\n<\/div>\n<p><h3 class=\"jp-relatedposts-headline\"><em>Articles similaires<\/em><\/h3>\n<\/p>\n<\/div>\n<div class=\"toggle-post-content clearfix\"><a id=\"toggle-post-button\" class=\"button\" href=\"#\">Afficher plus <\/a><\/div>\n<p>Auteur: Francky<br \/>\n<a href=\"https:\/\/ecomatin.net\/vers-une-augmentation-du-capital-de-la-bicec\/\">Cliquez ici pour lire l&rsquo;article depuis sa source.<\/a><\/p>\n","protected":false},"excerpt":{"rendered":"<p>L\u2019augmentation du capital de la Banque Internationale du Cameroun pour l\u2019Epargne et le Cr\u00e9dit (BICEC) contr\u00f4l\u00e9e depuis octobre dernier par le Groupe marocain Banque Centrale Populaire (BCP) est le point d\u2019orgue de la prochaine assembl\u00e9e g\u00e9n\u00e9rale. Le 20 d\u00e9cembre 2019, les actionnaires de la Bicec se retrouveront au si\u00e8ge de l\u2019entreprise \u00e0 Douala dans le [&hellip;]<\/p>\n","protected":false},"author":1969,"featured_media":0,"comment_status":"closed","ping_status":"closed","sticky":false,"template":"","format":"standard","meta":{"fifu_image_url":"","fifu_image_alt":"","footnotes":""},"categories":[82,78],"tags":[],"class_list":["post-70460","post","type-post","status-publish","format-standard","hentry","category-cameroun","category-economie"],"_links":{"self":[{"href":"https:\/\/linitiative.ca\/International\/wp-json\/wp\/v2\/posts\/70460","targetHints":{"allow":["GET"]}}],"collection":[{"href":"https:\/\/linitiative.ca\/International\/wp-json\/wp\/v2\/posts"}],"about":[{"href":"https:\/\/linitiative.ca\/International\/wp-json\/wp\/v2\/types\/post"}],"author":[{"embeddable":true,"href":"https:\/\/linitiative.ca\/International\/wp-json\/wp\/v2\/users\/1969"}],"replies":[{"embeddable":true,"href":"https:\/\/linitiative.ca\/International\/wp-json\/wp\/v2\/comments?post=70460"}],"version-history":[{"count":0,"href":"https:\/\/linitiative.ca\/International\/wp-json\/wp\/v2\/posts\/70460\/revisions"}],"wp:attachment":[{"href":"https:\/\/linitiative.ca\/International\/wp-json\/wp\/v2\/media?parent=70460"}],"wp:term":[{"taxonomy":"category","embeddable":true,"href":"https:\/\/linitiative.ca\/International\/wp-json\/wp\/v2\/categories?post=70460"},{"taxonomy":"post_tag","embeddable":true,"href":"https:\/\/linitiative.ca\/International\/wp-json\/wp\/v2\/tags?post=70460"}],"curies":[{"name":"wp","href":"https:\/\/api.w.org\/{rel}","templated":true}]}}