{"id":70464,"date":"2019-12-17T06:17:38","date_gmt":"2019-12-17T11:17:38","guid":{"rendered":"https:\/\/linitiative.ca\/International\/ali-najab-raconte-son-calvaire-dans-les-prisons-du-polisario\/"},"modified":"2019-12-17T06:17:38","modified_gmt":"2019-12-17T11:17:38","slug":"ali-najab-raconte-son-calvaire-dans-les-prisons-du-polisario","status":"publish","type":"post","link":"https:\/\/linitiative.ca\/International\/ali-najab-raconte-son-calvaire-dans-les-prisons-du-polisario\/","title":{"rendered":"Ali Najab raconte son calvaire  dans les prisons du Polisario"},"content":{"rendered":"<p><img decoding=\"async\" class=\"post_layout_5_img\" src=\"http:\/\/aujourdhui.ma\/wp-content\/uploads\/2019\/12\/Ali-Najab-Livre.jpg?x29840\" alt=\"Ali Najab raconte son calvaire dans les prisons du Polisario\"\/><\/p>\n<p><span class=\"c4\"><strong>Parution de \u00ab25 ans dans les ge\u00f4les de Tindouf\u2026\u00bb chez les \u00e9ditions \u00abLa Crois\u00e9e des Chemins\u00bb<\/strong><\/span><br \/><span id=\"more-327023\"\/><\/p>\n<div class=\"base-box mom_box_sc_custom mom_box_sc clear c5\" readability=\"10\">\n<p><strong>\u00abCe livre n\u2019aurait pas vu le jour si mon \u00e9pouse Atika Saiagh ne m\u2019avait pas pouss\u00e9 \u00e0 l\u2019\u00e9crire. Mais je n\u2019ai pas voulu qu\u2019il ne soit qu\u2019\u00e0 moi tout seul. C\u2019est le livre de tous mes compagnons d\u2019infortune dont je rapporte quelques t\u00e9moignages pour montrer ce qu\u2019ils ont subi et v\u00e9cu eux aussi\u00bb.<\/strong><\/p>\n<\/div>\n<p>\u00ab25 ans dans les ge\u00f4les de Tindouf, Mes m\u00e9moires de prisonnier de guerre\u00bb, de Ali Najab, vient d\u2019\u00eatre publi\u00e9 par les \u00e9ditions \u00abLa Crois\u00e9e des Chemins\u00bb. Il s\u2019agit d\u2019un ouvrage racontant les 25 ann\u00e9es d\u2019une exp\u00e9rience douloureuse de prisonnier de guerre. Il retrace en effet plus de 9.125 jours de souffrances, de tortures et d\u2019humiliations de la part du Polisario sous les yeux indiff\u00e9rents d\u2019officiers des services de s\u00e9curit\u00e9 militaire alg\u00e9riens.<\/p>\n<p>\u00abC\u2019est un ouvrage qui en dit aussi long sur la vie de son auteur, le capitaine Ali Najab, que sur la notion m\u00eame de patriotisme et de combat pour la patrie. Ces m\u00e9moires, devoir de m\u00e9moire et de reconnaissance envers les disparus et les survivants, gagneraient \u00e0 \u00eatre lues et relues par tous et toutes\u00bb, indique \u00e0 ce sujet la maison d\u2019\u00e9dition. Pour Ali Najab, \u00abce livre n\u2019aurait pas vu le jour si mon \u00e9pouse Atika Saiagh ne m\u2019avait pas pouss\u00e9 \u00e0 l\u2019\u00e9crire.<\/p>\n<p>Mais je n\u2019ai pas voulu qu\u2019il ne soit qu\u2019\u00e0 moi tout seul. C\u2019est le livre de tous mes compagnons d\u2019infortune dont je rapporte quelques t\u00e9moignages pour montrer ce qu\u2019ils ont subi et v\u00e9cu eux aussi\u00bb. Ce livre constitu\u00e9 de 584 pages se veut \u00eatre donc l\u2019apologie des 2.400 prisonniers de guerre marocains qui ont subi durant un quart de si\u00e8cle un vrai calvaire dans l\u2019indiff\u00e9rence totale des instances internationales et des ONG des droits de l\u2019Homme.<\/p>\n<p>L\u2019auteur insiste sur le fait que les conventions de Gen\u00e8ve et ses protocoles additionnels, qui prot\u00e8gent le prisonnier de guerre, sont opposables au Polisario et \u00e0 l\u2019Alg\u00e9rie. Et ce, pour la principale raison que toutes les violations se sont produites sur le territoire alg\u00e9rien alors m\u00eame que l\u2019Alg\u00e9rie fait partie des pays signataires de ces conventions. Cet ouvrage est \u00e9galement un devoir de m\u00e9moire et de reconnaissance sp\u00e9cialement envers ceux qui ont sacrifi\u00e9 leurs vies pour la r\u00e9cup\u00e9ration de nos ch\u00e8res provinces du Sud. Cette dette et cette reconnaissance que chaque citoyen marocain a envers eux sont un \u00e9l\u00e9ment cl\u00e9 pour le d\u00e9veloppement, chez la jeunesse notamment, d\u2019un sentiment d\u2019appartenance, de la valeur du courage et du d\u00e9vouement pour la patrie.<\/p>\n<div class=\"base-box mom_box_sc_custom mom_box_sc clear c7\" readability=\"16\">\n<p><strong><span class=\"c6\">\u00c0 propos de l\u2019auteur<\/span><\/strong><\/p>\n<p>Ali Najab est n\u00e9 en 1943 \u00e0 Maghraoua tout pr\u00e8s de Bou Iblan, au c\u0153ur du Moyen Atlas. En 1965, passionn\u00e9 par le m\u00e9tier de pilote de chasse, il s\u2019engage dans l\u2019arm\u00e9e de l\u2019air et se distingue tout au long de sa formation par son implication et sa ferveur. Mais sa carri\u00e8re va prendre un tournant tragique en 1978 : au cours d\u2019une mission a\u00e9rienne de reconnaissance, son avion est abattu par un missile. Il est captur\u00e9 par l\u2019ennemi et emmen\u00e9 \u00e0 Tindouf o\u00f9 il passera 25 ans ; ses compagnons et lui conna\u00eetront la torture, l\u2019humiliation et toutes sortes de traitements inhumains. Le capitaine Najab est lib\u00e9r\u00e9 le 1er septembre 2003. Aujourd\u2019hui, il continue de travailler avec acharnement pour la r\u00e9habilitation et l\u2019insertion sociale acceptable des ex- prisonniers de guerre rapatri\u00e9s de Tindouf afin qu\u2019ils retrouvent une vie normale. Il sait que la route est longue et difficile\u2026<\/p>\n<\/div>\n<p>Auteur: ALM<br \/>\n<a href=\"http:\/\/aujourdhui.ma\/culture\/ali-najab-raconte-son-calvaire-dans-les-prisons-du-polisario\">Cliquez ici pour lire l&rsquo;article depuis sa source.<\/a><\/p>\n","protected":false},"excerpt":{"rendered":"<p>Parution de \u00ab25 ans dans les ge\u00f4les de Tindouf\u2026\u00bb chez les \u00e9ditions \u00abLa Crois\u00e9e des Chemins\u00bb \u00abCe livre n\u2019aurait pas vu le jour si mon \u00e9pouse Atika Saiagh ne m\u2019avait pas pouss\u00e9 \u00e0 l\u2019\u00e9crire. Mais je n\u2019ai pas voulu qu\u2019il ne soit qu\u2019\u00e0 moi tout seul. C\u2019est le livre de tous mes compagnons d\u2019infortune dont [&hellip;]<\/p>\n","protected":false},"author":1759,"featured_media":0,"comment_status":"closed","ping_status":"closed","sticky":false,"template":"","format":"standard","meta":{"fifu_image_url":"","fifu_image_alt":"","footnotes":""},"categories":[73,54],"tags":[],"class_list":["post-70464","post","type-post","status-publish","format-standard","hentry","category-actualite","category-maroc"],"_links":{"self":[{"href":"https:\/\/linitiative.ca\/International\/wp-json\/wp\/v2\/posts\/70464","targetHints":{"allow":["GET"]}}],"collection":[{"href":"https:\/\/linitiative.ca\/International\/wp-json\/wp\/v2\/posts"}],"about":[{"href":"https:\/\/linitiative.ca\/International\/wp-json\/wp\/v2\/types\/post"}],"author":[{"embeddable":true,"href":"https:\/\/linitiative.ca\/International\/wp-json\/wp\/v2\/users\/1759"}],"replies":[{"embeddable":true,"href":"https:\/\/linitiative.ca\/International\/wp-json\/wp\/v2\/comments?post=70464"}],"version-history":[{"count":0,"href":"https:\/\/linitiative.ca\/International\/wp-json\/wp\/v2\/posts\/70464\/revisions"}],"wp:attachment":[{"href":"https:\/\/linitiative.ca\/International\/wp-json\/wp\/v2\/media?parent=70464"}],"wp:term":[{"taxonomy":"category","embeddable":true,"href":"https:\/\/linitiative.ca\/International\/wp-json\/wp\/v2\/categories?post=70464"},{"taxonomy":"post_tag","embeddable":true,"href":"https:\/\/linitiative.ca\/International\/wp-json\/wp\/v2\/tags?post=70464"}],"curies":[{"name":"wp","href":"https:\/\/api.w.org\/{rel}","templated":true}]}}