{"id":70467,"date":"2019-12-17T09:00:14","date_gmt":"2019-12-17T14:00:14","guid":{"rendered":"https:\/\/linitiative.ca\/International\/ecole-du-numerique-solidaire-inclusion-sociale-par-la-formation\/"},"modified":"2019-12-17T09:00:14","modified_gmt":"2019-12-17T14:00:14","slug":"ecole-du-numerique-solidaire-inclusion-sociale-par-la-formation","status":"publish","type":"post","link":"https:\/\/linitiative.ca\/International\/ecole-du-numerique-solidaire-inclusion-sociale-par-la-formation\/","title":{"rendered":"Ecole du num\u00e9rique solidaire : Inclusion sociale par la formation"},"content":{"rendered":"<p><img decoding=\"async\" class=\"post_layout_5_img\" src=\"http:\/\/aujourdhui.ma\/wp-content\/uploads\/2019\/12\/Ali-JIAR-convention-r%C3%A9gion-Mekn%C3%A8s-F%C3%A8s.jpg?x29840\" alt=\"Ecole du num\u00e9rique solidaire : Inclusion sociale par la formation\"\/><\/p>\n<p><span class=\"c4\"><strong>L\u2019\u00e9cole du num\u00e9rique solidaire des quartiers de Sevran, cr\u00e9\u00e9e par Ali Jiar, formera au m\u00e9tier de d\u00e9veloppeur Web dans la r\u00e9gion F\u00e8s Mekn\u00e8s. Une belle mani\u00e8re de donner une chance \u00e0 une jeunesse soit totalement exclue du syst\u00e8me \u00e9ducatif classique, soit en mal de reconversion professionnelle. Les d\u00e9tails d\u2019un projet qui sera dupliqu\u00e9 dans l\u2019Hexagone et qui a obtenu le label de La Grande Ecole du Num\u00e9rique en France. L\u2019impact social est le principal enjeu. Au Maroc, le mod\u00e8le devrait \u00eatre mis en route au cours du mois de janvier 2020.<\/strong><\/span> <span id=\"more-327047\"\/><\/p>\n<p>Ali Jiar, fils d\u2019un ouvrier, natif de la ville de Sevran, savait de quoi il parlait quand il a tenu \u00e0 faire de son projet une arme contre l\u2019exclusion sociale des jeunes en situation d\u2019\u00e9chec. Lui a eu la chance de finir ing\u00e9nieur. Chez Microsoft, il gravira les \u00e9chelons mais sera aussi soutenu dans sa cause m\u00eame si beaucoup de politiciens dans sa ville natale ne l\u2019ont pas cru. Dipl\u00f4m\u00e9 de l\u2019ENA en 2015 puis de la prestigieuse Ecole de Polytechnique, il ne perd pas de vue son projet qui sera officiellement inaugur\u00e9 en d\u00e9cembre 2018.<br \/>Un an apr\u00e8s, le Maroc d\u00e9cide d\u2019adopter son concept qui a d\u00e9j\u00e0 fait ses preuves \u00e0 Sevran puisque le taux d\u2019insertion a \u00e9t\u00e9 estim\u00e9 \u00e0 80% !<\/p>\n<p>La mise en relation \u00e9tablie entre Ali Jiar, qui est devenu maire en 2014 de la ville de Sevran en charge de l\u2019\u00e9conomie et du num\u00e9rique et Badr Tahiri, le pr\u00e9sident de la Chambre de commerce et de d\u2019industrie de la R\u00e9gion F\u00e8s Mekn\u00e8s, a permis un mois apr\u00e8s d\u2019officialiser un partenariat entre les deux rives pour installer l\u2019\u00e9cole dans une r\u00e9gion marocaine qui compte 20.000 \u00e9tudiants dont 6.000 \u00e9trangers et surtout qui souffre d\u2019un retour d\u2019emploi tr\u00e8s faible. Les enjeux sont clairs. L\u2019urgence \u00e0 la qu\u00eate de solution de reconversion et d\u2019inclusion sociale aussi.<br \/>La 3\u00e8me \u00e9dition du Forum de l\u2019\u00e9conomie de la r\u00e9gion F\u00e8s-Mekn\u00e8s qui s\u2019est tenu le 4 d\u00e9cembre aura permis donc de sceller un partenariat entre les deux entit\u00e9s pr\u00e9sentes.<\/p>\n<p>Telle qu\u2019imagin\u00e9e par Ali Jiar, cette \u00e9cole, de la m\u00eame mani\u00e8re qu\u2019en France, sera destin\u00e9e aux jeunes des quartiers d\u00e9favoris\u00e9s. La formation acc\u00e9l\u00e9r\u00e9e en 5 mois, totalement gratuite et qui est estim\u00e9e \u00e0 pr\u00e8s de 6.000 euros en France, visera \u00e0 donner une nouvelle chance aux jeunes en \u00e9chec scolaire de d\u00e9crocher un m\u00e9tier tr\u00e8s pris\u00e9 dans le monde : celui de d\u00e9veloppeur web.<br \/>La France a estim\u00e9 son besoin en d\u00e9veloppeurs web \u00e0 100.000. Le Maroc devra \u00e9galement faire son compte pour relever le pari. Car il est question de transformation num\u00e9rique depuis quelques ann\u00e9es\u2026 La r\u00e9volution 4.0 g\u00e9n\u00e8re de nouvelles opportunit\u00e9s et les jeunes devraient \u00eatre sans plus tarder identifi\u00e9s pour commencer une reconversion rentable.<\/p>\n<p>Apr\u00e8s trois promotions, l\u2019Etat fran\u00e7ais fait de cette \u00e9cole le premier pilote national. Sa certification obtient l\u2019\u00e9quivalent d\u2019un niveau Bac+2 sur le march\u00e9 du travail. De quoi donner un statut r\u00e9el \u00e0 des jeunes qui \u00e9taient, pour beaucoup, sur le chemin de la d\u00e9bauche !<\/p>\n<p>Il faut dire que le jeune maire de Sevran a eu aussi le soutien du fondateur de la 3WAcademy, \u00e9cole parisienne d\u2019ing\u00e9nierie informatique cr\u00e9\u00e9e par un Iranien. D\u00e9localis\u00e9e \u00e9galement \u00e0 Casablanca depuis quelque temps, le partenariat avec la r\u00e9gion Mekn\u00e8s-F\u00e8s profitera certainement de ces locaux pour int\u00e9grer socialement les futurs b\u00e9n\u00e9ficiaires de la formation. Les d\u00e9tails du montage effectif du projet dans son exploitation et dans son financement devraient \u00eatre connus d\u2019ici le d\u00e9but de l\u2019ann\u00e9e prochaine. A suivre\u2026<\/p>\n<div class=\"base-box mom_box_sc_custom mom_box_sc clear c6\" readability=\"25\">\n<p><span class=\"c5\"><strong>Les diff\u00e9rentes \u00e9tapes de l\u2019enseignement \u00e0 l\u2019Ecole num\u00e9rique solidaire des quartiers prioritaires<\/strong><\/span><\/p>\n<p><strong>1\u00e8re \u00e9tape : 140 heures<\/strong><br \/>Bloc de comp\u00e9tences correspondant \u00e0 un premier mois de formation qui se tient \u00e0 Sevran m\u00eame. Il s\u2019agit d\u2019une mise \u00e0 niveau en informatique et un d\u00e9but de formation en d\u00e9veloppement web.<br \/>NB : Les apprenants ont acc\u00e8s \u00e0 une plate- forme d\u2019apprentissage en ligne gratuite avec des exercices corrig\u00e9s. Ils sont suivis par un formateur sur place.<\/p>\n<p><strong>2\u00e8me \u00e9tape : 400 heures<\/strong><br \/>Les apprenants seront int\u00e9gr\u00e9s en fonction de leur niveau d\u2019avancement dans les promotions de la 3WAcademy \u00e0 Paris. Ce sont des promotions de 15 personnes (avec un souhait de respecter la mixit\u00e9).<\/p>\n<p><strong>3\u00e8me \u00e9tape : 140 heures<\/strong><br \/>Obtention du titre de d\u00e9veloppeur int\u00e9grateur en r\u00e9alisation d\u2019applications web.<br \/>Cette derni\u00e8re partie se d\u00e9roule \u00e0 Sevran. Il s\u2019agit de r\u00e9aliser un projet web \u00abportfolio\u00bb pour une association, un projet pour une soci\u00e9t\u00e9 ou le projet propre d\u2019un apprenant. L\u2019objectif est que l\u2019apprenant puisse consolider les apprentissages, travailler sur un projet r\u00e9el et \u00eatre en mesure de pr\u00e9senter un projet finalis\u00e9 aux entretiens de recrutement, meilleur gage d\u2019insertion professionnelle.<\/p>\n<\/div>\n<p>Auteur: Dounia Essabban<br \/>\n<a href=\"http:\/\/aujourdhui.ma\/emploi\/formation\/ecole-du-numerique-solidaire-inclusion-sociale-par-la-formation\">Cliquez ici pour lire l&rsquo;article depuis sa source.<\/a><\/p>\n","protected":false},"excerpt":{"rendered":"<p>L\u2019\u00e9cole du num\u00e9rique solidaire des quartiers de Sevran, cr\u00e9\u00e9e par Ali Jiar, formera au m\u00e9tier de d\u00e9veloppeur Web dans la r\u00e9gion F\u00e8s Mekn\u00e8s. Une belle mani\u00e8re de donner une chance \u00e0 une jeunesse soit totalement exclue du syst\u00e8me \u00e9ducatif classique, soit en mal de reconversion professionnelle. Les d\u00e9tails d\u2019un projet qui sera dupliqu\u00e9 dans l\u2019Hexagone [&hellip;]<\/p>\n","protected":false},"author":1759,"featured_media":0,"comment_status":"closed","ping_status":"closed","sticky":false,"template":"","format":"standard","meta":{"fifu_image_url":"","fifu_image_alt":"","footnotes":""},"categories":[73,54],"tags":[],"class_list":["post-70467","post","type-post","status-publish","format-standard","hentry","category-actualite","category-maroc"],"_links":{"self":[{"href":"https:\/\/linitiative.ca\/International\/wp-json\/wp\/v2\/posts\/70467","targetHints":{"allow":["GET"]}}],"collection":[{"href":"https:\/\/linitiative.ca\/International\/wp-json\/wp\/v2\/posts"}],"about":[{"href":"https:\/\/linitiative.ca\/International\/wp-json\/wp\/v2\/types\/post"}],"author":[{"embeddable":true,"href":"https:\/\/linitiative.ca\/International\/wp-json\/wp\/v2\/users\/1759"}],"replies":[{"embeddable":true,"href":"https:\/\/linitiative.ca\/International\/wp-json\/wp\/v2\/comments?post=70467"}],"version-history":[{"count":0,"href":"https:\/\/linitiative.ca\/International\/wp-json\/wp\/v2\/posts\/70467\/revisions"}],"wp:attachment":[{"href":"https:\/\/linitiative.ca\/International\/wp-json\/wp\/v2\/media?parent=70467"}],"wp:term":[{"taxonomy":"category","embeddable":true,"href":"https:\/\/linitiative.ca\/International\/wp-json\/wp\/v2\/categories?post=70467"},{"taxonomy":"post_tag","embeddable":true,"href":"https:\/\/linitiative.ca\/International\/wp-json\/wp\/v2\/tags?post=70467"}],"curies":[{"name":"wp","href":"https:\/\/api.w.org\/{rel}","templated":true}]}}