{"id":70469,"date":"2019-12-17T04:44:55","date_gmt":"2019-12-17T09:44:55","guid":{"rendered":"https:\/\/linitiative.ca\/International\/ancrer-les-valeurs-des-merengues-au-maroc\/"},"modified":"2019-12-17T04:44:55","modified_gmt":"2019-12-17T09:44:55","slug":"ancrer-les-valeurs-des-merengues-au-maroc","status":"publish","type":"post","link":"https:\/\/linitiative.ca\/International\/ancrer-les-valeurs-des-merengues-au-maroc\/","title":{"rendered":"Ancrer les valeurs des Merengues au Maroc"},"content":{"rendered":"<p class=\"has-text-color has-vivid-cyan-blue-color\"><strong>L\u2019Association des supporters du Real Madrid, Pena Madridista, a tenu son assembl\u00e9e g\u00e9n\u00e9rale, mercredi dernier \u00e0 la Chambre Espagnole, de Commerce, d\u2019Industrie et de Navigation \u00e0 Casablanca.<\/strong><\/p>\n<p>Cette assembl\u00e9e a \u00e9t\u00e9 dirig\u00e9e par ses animateurs, Larbi Bargach, pr\u00e9sident de la Pena Madridista, Javier Diaz, vice-pr\u00e9sident, Alberto Carnero consul d\u2019Espagne \u00e0 Casablancab et Juan Garcia Munoz, pr\u00e9sident de la Chambre Espagnole \u00e0 Casablanca ainsi que tous les membres pr\u00e9sents qui ont profit\u00e9 de l\u2019occasion pour appr\u00e9cier le parcours honorable de leur \u00e9quipe pr\u00e9f\u00e9r\u00e9e en Ligue des Champions d\u2019Europe, tout en suivant ensemble, sur la t\u00e9l\u00e9, le dernier match de la phase de poules, match d\u00e9s\u00e9quilibr\u00e9 et remport\u00e9 par le score fleuve (5-0) au d\u00e9triment de la formation turque de Galatasary, match jou\u00e9 pour la forme pour les Merengues qui avaient d\u00e9j\u00e0 assur\u00e9 la qualification aux 8<sup>e<\/sup> de finale.<\/p>\n<p>Lors des travaux de cette AG, les responsables de la Pena Madridista cr\u00e9\u00e9e par des supporters marocains et espagnols afin de soutenir le Real et d\u00e9fendre ses valeurs ont rappel\u00e9 les diff\u00e9rentes activit\u00e9s organis\u00e9es depuis le lancement en 2003 jusqu\u2019\u00e0 aujourd\u2019hui en faisant \u00e9tat d\u2019un rapport sur les activit\u00e9s de la saison 2018-2019, la situation des comptes ainsi que le prochain plan d\u2019action.<\/p>\n<p>La Pena Madridista n\u2019est pas seulement une association \u00e9paulant les Merengues dans leurs diff\u00e9rents rendez-vous et matchs, ici et ailleurs, se veut \u00e9galement un groupement ayant une mission au profit des enfants notamment ceux issus des milieux d\u00e9favoris\u00e9s. Elle organise plusieurs tournois sportifs dont l\u2019objectif est de transmettre aux jeunes les valeurs du sport tels le respect, la solidarit\u00e9, la coop\u00e9ration, l\u2019esprit d\u2019\u00e9quipe, le fair-play\u2026<\/p>\n<p>On donne comme exemple la participation aux tournois de l\u2019Association casablancaise qui comm\u00e9more chaque ann\u00e9e les victimes des attentats terroristes du 16 mai 2003. Il s\u2019agit de l\u2019Association \u00abJava\u00bb du pr\u00e9sident Mustapha Zoubiri qui est \u00e9galement membre de la Pena Madridista qui honore \u00e9galement d\u2019autres tournois dont celui de l\u2019amiti\u00e9 avec le groupe des supporters du Bar\u00e7a (GBA) en attendant la prochaine \u00e9dition pr\u00e9vue en ce mois de d\u00e9cembre.<\/p>\n<p>D\u2019autres tournois ont \u00e9t\u00e9 \u00e9galement organis\u00e9s avec certaines associations de supporters de clubs europ\u00e9ens dont ceux du Paris Saint Germain avec la contribution de certains partenaires dont\u00a0 la chaine bein SPORT au Maroc ainsi que la Marocaine des Jeux (MDJS)\u2026<\/p>\n<p>Voila pour la Pena Madridista qui occupe \u00e9galement une importance \u00e0 un autre sport d\u2019intellectuels, le basketball des jeunes, et qui compte ancrer les valeurs du sport lors des prochaines saisons pour les amoureux du Real au Maroc\u2026<\/p>\n<p class=\"c2\"><strong>Rachid Lebchir<\/strong><\/p>\n<p>Auteur: M&rsquo;hammed rahal<br \/>\n<a href=\"http:\/\/albayane.press.ma\/ancrer-les-valeurs-des-merengues-au-maroc.html\">Cliquez ici pour lire l&rsquo;article depuis sa source.<\/a><\/p>\n","protected":false},"excerpt":{"rendered":"<p>L\u2019Association des supporters du Real Madrid, Pena Madridista, a tenu son assembl\u00e9e g\u00e9n\u00e9rale, mercredi dernier \u00e0 la Chambre Espagnole, de Commerce, d\u2019Industrie et de Navigation \u00e0 Casablanca. Cette assembl\u00e9e a \u00e9t\u00e9 dirig\u00e9e par ses animateurs, Larbi Bargach, pr\u00e9sident de la Pena Madridista, Javier Diaz, vice-pr\u00e9sident, Alberto Carnero consul d\u2019Espagne \u00e0 Casablancab et Juan Garcia Munoz, [&hellip;]<\/p>\n","protected":false},"author":1760,"featured_media":0,"comment_status":"closed","ping_status":"closed","sticky":false,"template":"","format":"standard","meta":{"fifu_image_url":"","fifu_image_alt":"","footnotes":""},"categories":[73,54],"tags":[],"class_list":["post-70469","post","type-post","status-publish","format-standard","hentry","category-actualite","category-maroc"],"_links":{"self":[{"href":"https:\/\/linitiative.ca\/International\/wp-json\/wp\/v2\/posts\/70469","targetHints":{"allow":["GET"]}}],"collection":[{"href":"https:\/\/linitiative.ca\/International\/wp-json\/wp\/v2\/posts"}],"about":[{"href":"https:\/\/linitiative.ca\/International\/wp-json\/wp\/v2\/types\/post"}],"author":[{"embeddable":true,"href":"https:\/\/linitiative.ca\/International\/wp-json\/wp\/v2\/users\/1760"}],"replies":[{"embeddable":true,"href":"https:\/\/linitiative.ca\/International\/wp-json\/wp\/v2\/comments?post=70469"}],"version-history":[{"count":0,"href":"https:\/\/linitiative.ca\/International\/wp-json\/wp\/v2\/posts\/70469\/revisions"}],"wp:attachment":[{"href":"https:\/\/linitiative.ca\/International\/wp-json\/wp\/v2\/media?parent=70469"}],"wp:term":[{"taxonomy":"category","embeddable":true,"href":"https:\/\/linitiative.ca\/International\/wp-json\/wp\/v2\/categories?post=70469"},{"taxonomy":"post_tag","embeddable":true,"href":"https:\/\/linitiative.ca\/International\/wp-json\/wp\/v2\/tags?post=70469"}],"curies":[{"name":"wp","href":"https:\/\/api.w.org\/{rel}","templated":true}]}}