{"id":70470,"date":"2019-12-17T04:52:23","date_gmt":"2019-12-17T09:52:23","guid":{"rendered":"https:\/\/linitiative.ca\/International\/%ef%bb%bfle-wac-soffre-les-far-et-passe-aux-commandes-le-raja-neutralise-par-oued-zem\/"},"modified":"2019-12-17T04:52:23","modified_gmt":"2019-12-17T09:52:23","slug":"%ef%bb%bfle-wac-soffre-les-far-et-passe-aux-commandes-le-raja-neutralise-par-oued-zem","status":"publish","type":"post","link":"https:\/\/linitiative.ca\/International\/%ef%bb%bfle-wac-soffre-les-far-et-passe-aux-commandes-le-raja-neutralise-par-oued-zem\/","title":{"rendered":"\ufeffLe WAC s\u2019offre les FAR et passe aux commandes, le Raja neutralis\u00e9 par Oued Zem"},"content":{"rendered":"<p class=\"has-text-color has-vivid-cyan-blue-color\"><strong>Les deux matches de la mise \u00e0 jour du championnat national de football en premi\u00e8re division, Botola Pro, disput\u00e9s dimanche, ont donn\u00e9 des changements en t\u00eate du classement. Le Wydad Casablanca vainqueur de l\u2019AS FAR (1-0) a pris le leadership pour la premi\u00e8re fois de la Botola qui compte 9 journ\u00e9es jou\u00e9es. Le Raja qui a fait match nul en d\u00e9placement devant le Rapide Club Oued Zem (0-0) se trouve au milieu du classement qui reste encore provisoire.<\/strong><\/p>\n<p>Le Wydad de Casablanca a r\u00e9ussi l\u2019essentiel en s\u2019imposant \u00e0 domicile face \u00e0 l\u2019AS FAR (1-0). Victoire qui lui a permis de se hisse d\u00e9sormais \u00e0 la t\u00eate du classement de Botola au terme d\u2019un match report\u00e9 de la septi\u00e8me journ\u00e9e et disput\u00e9 dimanche sur la pelouse du complexe sportif Mohammed V \u00e0 Casablanca.<\/p>\n<p>Apr\u00e8s une premi\u00e8re mi-temps plus ou moins \u00e9quilibr\u00e9e, le WAC allait r\u00e9aliser l\u2019avantage avec l\u2019unique but de la rencontre gr\u00e2ce \u00e0 une \u0153uvre de l\u2019attaquant Badie Aouk qui a transform\u00e9 (68\u00e8) un penalty obtenu par Aymane El Hassouni \u00e0 la 66\u00e8 minute, permettant au club de Casablanca de d\u00e9crocher les trois points d\u2019une pr\u00e9cieuse victoire \u00e0 domicile. Ce penalty a \u00e9t\u00e9 vivement critiqu\u00e9 par les Militaires, ce qui a caus\u00e9 un retard de 2 minutes environ.<\/p>\n<p>Au terme de cette rencontre, le WAC prend ainsi la t\u00eate du classement pour la premi\u00e8re fois avec 16 points tandis que l\u2019AS FAR stagne \u00e0 la cinqui\u00e8me position avec 13 points ex \u00e6quo avec le Mouloudia de Oujda. Le WAC a donc subtilis\u00e9 le fauteuil de leader au Moghreb de T\u00e9touan qui avait tr\u00f4n\u00e9 depuis le d\u00e9but de la saison et se trouve ainsi devanc\u00e9 en seconde place avec 15 points en compagnie du Difaa d\u2019El Jadida qui compte encore un match en moins.<\/p>\n<div class=\"wp-block-image\"><img loading=\"lazy\" decoding=\"async\" src=\"http:\/\/albayane.press.ma\/wp-content\/uploads\/Raja-%C3%A0-Oued-Zem-IMG-20191216-WA0002.jpg\" alt=\"\" class=\"wp-image-83705\" width=\"535\" height=\"322\"\/><\/div>\n<p>Dans l\u2019autre match disput\u00e9, plus t\u00f4t dans la journ\u00e9e de mercredi, au stade municipal de Oued Zem, le Rapide Oued Zem et le Raja de Casablanca se sont quitt\u00e9s sur un nul blanc (0-0). Ce match report\u00e9 de la septi\u00e8me journ\u00e9e a connu plusieurs occasions de scorer en vain notamment pour le Raja qui a domin\u00e9 mais n\u2019a pas gagn\u00e9 avec pas moins de balles renvoy\u00e9es par la transversale. Le Raja a pourtant \u00e9volu\u00e9 avec une formation amoindrie de plusieurs titulaires dont le capitaine Metoualli, El Hafidi qui ne s\u2019est pas remis de sa blessure de la saison \u00e9coul\u00e9e, Banoune qui venait \u00e9galement d\u2019\u00eatre bless\u00e9, Sana Ouarfalli, le gardien Zniti\u2026 Ce qui a constitu\u00e9 une occasion pour l\u2019entraineur Jamal Sellami de lancer certains jeunes joueurs dont Mohamed Zrida, Ma\u00e2ti Tmizou\u2026 et autre Abdelilah Medkour.<\/p>\n<p>En ne parvenant donc as \u00e0 ouvrir le score malgr\u00e9 les nombreuses occasions cr\u00e9\u00e9es par Malengo, Anas Jabroune, Soufiane Rahimi\u2026, les Verts ont tout simplement rat\u00e9 le coche lors de cette mise \u00e0 jour.<\/p>\n<p>Dans l\u2019ensemble, un match nul vaut mieux que rien dans un terrain synth\u00e9tique et devant une \u00e9quipe d\u2019Oued Zem qui s\u2019est cantonn\u00e9e totalement en d\u00e9fense et qui n\u2019a r\u00e9agi que par des contre-attaques dangereuses et qui ont failli faire fi sans la vigilance du gardien rempla\u00e7ant Bouamira.<\/p>\n<p>Au terme de ce nul, le second contre trois victoires et une d\u00e9faite, le Raja se trouve en septi\u00e8me place du classement avec 11 points tandis que le RCOZ est \u00e0 la dixi\u00e8me position avec 8 points aux c\u00f4t\u00e9s du Hassania d\u2019Agadir, de la Renaissance de Zemamra et de l\u2019Olympic de Safi.<\/p>\n<p>Cela en attendant la mise \u00e0 jour qui se poursuivra au milieu de cette semaine. La RS Berkane tenue en \u00e9chec, samedi dernier par le Difa\u00e2 El Jadida (1-1), dans un match report\u00e9 de la 4<sup>e<\/sup> journ\u00e9e, reviendra, ce mardi, pour rencontre l\u2019Ittihad de Tanger au stade municipal de Berkane \u00e0 17h (6<sup>e<\/sup> journ\u00e9e). Les deux clubs casablancais joueront, mercredi. Le WAC aura \u00e0 confirmer en d\u00e9placement dans un match d\u00e9s\u00e9quilibr\u00e9 devant la lanterne rouge, le Raja de B\u00e9ni-Mellal, au stade municipal d\u2019Oued Zem \u00e0 15h (8<sup>e<\/sup> journ\u00e9e) et le Raja sera appel\u00e9 \u00e0 se ressaisir chez lui au complexe Mohammed V dans duel chaud face au Hassania d\u2019Agadir \u00e0 17h (6<sup>e<\/sup> journ\u00e9e).<\/p>\n<p>Ces duels sont d\u2019une grande importance pour les clubs en course en t\u00eate du classement, en attendant les matches de la 10<sup>e<\/sup> journ\u00e9e et le verdict du derby casablancais, Raja-Wydad qui s\u2019annonce encore une fois d\u00e9cisif\u2026<\/p>\n<p class=\"c2\"><strong>Rochdi Ben M\u2019hammed<\/strong><\/p>\n<p>Auteur: M&rsquo;hammed rahal<br \/>\n<a href=\"http:\/\/albayane.press.ma\/%EF%BB%BFle-wac-soffre-les-far-et-passe-aux-commandes-le-raja-neutralise-par-oued-zem.html\">Cliquez ici pour lire l&rsquo;article depuis sa source.<\/a><\/p>\n","protected":false},"excerpt":{"rendered":"<p>Les deux matches de la mise \u00e0 jour du championnat national de football en premi\u00e8re division, Botola Pro, disput\u00e9s dimanche, ont donn\u00e9 des changements en t\u00eate du classement. Le Wydad Casablanca vainqueur de l\u2019AS FAR (1-0) a pris le leadership pour la premi\u00e8re fois de la Botola qui compte 9 journ\u00e9es jou\u00e9es. Le Raja qui [&hellip;]<\/p>\n","protected":false},"author":1760,"featured_media":70471,"comment_status":"closed","ping_status":"closed","sticky":false,"template":"","format":"standard","meta":{"fifu_image_url":"","fifu_image_alt":"","footnotes":""},"categories":[73,54],"tags":[],"class_list":["post-70470","post","type-post","status-publish","format-standard","has-post-thumbnail","hentry","category-actualite","category-maroc"],"_links":{"self":[{"href":"https:\/\/linitiative.ca\/International\/wp-json\/wp\/v2\/posts\/70470","targetHints":{"allow":["GET"]}}],"collection":[{"href":"https:\/\/linitiative.ca\/International\/wp-json\/wp\/v2\/posts"}],"about":[{"href":"https:\/\/linitiative.ca\/International\/wp-json\/wp\/v2\/types\/post"}],"author":[{"embeddable":true,"href":"https:\/\/linitiative.ca\/International\/wp-json\/wp\/v2\/users\/1760"}],"replies":[{"embeddable":true,"href":"https:\/\/linitiative.ca\/International\/wp-json\/wp\/v2\/comments?post=70470"}],"version-history":[{"count":0,"href":"https:\/\/linitiative.ca\/International\/wp-json\/wp\/v2\/posts\/70470\/revisions"}],"wp:featuredmedia":[{"embeddable":true,"href":"https:\/\/linitiative.ca\/International\/wp-json\/"}],"wp:attachment":[{"href":"https:\/\/linitiative.ca\/International\/wp-json\/wp\/v2\/media?parent=70470"}],"wp:term":[{"taxonomy":"category","embeddable":true,"href":"https:\/\/linitiative.ca\/International\/wp-json\/wp\/v2\/categories?post=70470"},{"taxonomy":"post_tag","embeddable":true,"href":"https:\/\/linitiative.ca\/International\/wp-json\/wp\/v2\/tags?post=70470"}],"curies":[{"name":"wp","href":"https:\/\/api.w.org\/{rel}","templated":true}]}}