{"id":70474,"date":"2019-12-17T05:16:18","date_gmt":"2019-12-17T10:16:18","guid":{"rendered":"https:\/\/linitiative.ca\/International\/les-forces-de-mediation\/"},"modified":"2019-12-17T05:16:18","modified_gmt":"2019-12-17T10:16:18","slug":"les-forces-de-mediation","status":"publish","type":"post","link":"https:\/\/linitiative.ca\/International\/les-forces-de-mediation\/","title":{"rendered":"Les forces de m\u00e9diation!"},"content":{"rendered":"<p class=\"has-text-color has-vivid-cyan-blue-color\"><strong>Lors de la s\u00e9ance d\u2019ouverture du conseil r\u00e9gional du PJD, en ce moment dominical auquel ont pris part une flop\u00e9e de leaders politiques de la r\u00e9gion Souss Massa, Med Amakraz, ministre de l\u2019emploi, membre du secr\u00e9tariat g\u00e9n\u00e9ral de la lampe, avait bien raison d\u2019\u00e9voquer la probl\u00e9matique de l\u2019apoplexie que subit, ces temps-ci, la vie politique nationale.<\/strong><\/p>\n<p>Un constat amer que ne cesse de soulever vivement, le PPS, l\u2019ancien alli\u00e9 \u00e0 l\u2019Ex\u00e9cutif. En effet, on ne peut nullement pr\u00e9tendre construire une d\u00e9mocratie authentique, sans entit\u00e9 partisane forte et autonome. Or, depuis d\u00e9j\u00e0 bien longtemps, les partis politiques et plus pr\u00e9cis\u00e9ment les plus s\u00e9rieux, sont constamment mis dans le collimateur de la balkanisation syst\u00e9matique.<\/p>\n<p>Durant des d\u00e9cennies, on a toujours cru que l\u2019affaiblissement des partis mettrait le Pouvoir \u00e0 l\u2019abri de toute r\u00e9surrection. Par cette approche irr\u00e9fl\u00e9chie, on ne fait qu\u2019exposer le r\u00e9gime monarchique, en tant que syst\u00e8me s\u00e9culaire \u00e9difiant, \u00e0 un p\u00e9ril aux incidences impr\u00e9visibles. A cet effet, le vide politique, d\u00fb cruellement \u00e0 la balkanisation des partis politiques, des organisations syndicales, des structures associatives\u2026, jetterait le pays dans une absence de m\u00e9diation judicieuse entre le palais et le peuple. Ce qui hypoth\u00e8que, sans doute, l\u2019\u00e9volution de la Nation et profite aux barons et aux sc\u00e9l\u00e9rats du royaume pour le dessaisir de toutes ses richesses.<\/p>\n<p>Certes, nombre de partis politiques sont en de\u00e7\u00e0 des aspirations populaires et ne cherchent que leur int\u00e9r\u00eat propre, sans aucun souci pour le bien du pays et des citoyens. Ceux-l\u00e0 m\u00eames sont cr\u00e9\u00e9s, tour \u00e0 tour, par le r\u00e9gime et continue \u00e0 exister selon le bon vouloir du cr\u00e9ateur, dans la soumission totale et bien loin de celui peuple auquel ils reviennent, \u00e0 \u00a0la fin de chaque de mandat, soutirer des voix truqu\u00e9es, moyennant de l\u2019argent sale. Cependant, en d\u00e9pit de toutes ces tares qui alt\u00e8rent l\u2019\u00e9volution saine du paysage politique nationalil est imp\u00e9ratif de lever la main des parti, syndicats et soci\u00e9t\u00e9 civile et respecter leur ind\u00e9pendance et mission, en tant que r\u00e9gulateurs m\u00e9dians d\u2019encadrement des populations.<\/p>\n<p>Notre pays s\u2019est irr\u00e9versiblement engag\u00e9 dans la voie de la d\u00e9mocratisation de ses institutions dont les partis politiques ont une place de choix dans le contexte de d\u00e9mocratie auquel il n\u2019eut pas de cesse de s\u2019identifier, corps et \u00e2me. Toutefois, cette r\u00e9solution volontariste n\u2019est gu\u00e8re un slogan creux que les rentiers et les lobbys du monopole s\u2019ing\u00e9nient, sans r\u00e9pit, \u00e0 d\u00e9mystifier afin de garder le statu quo de la Nation aspirant \u00e0 l\u2019\u00e9mergence.<\/p>\n<p>En fin de compte, c\u2019est bel et bien cette situation controvers\u00e9e dont la politique est volontairement mitig\u00e9e au point de la rendre ridicule et m\u00e9prisable, que le r\u00e9gime devrait redouter le plus de s\u2019en r\u00e9jouir pour son r\u00e8gne. Car, en l\u2019absence des partis politiques m\u00e9diateurs, il se serait directement s\u2019affront\u00e9, au peuple \u00e0 bout de patience et de d\u00e9livrance.<\/p>\n<p>Auteur: M&rsquo;hammed rahal<br \/>\n<a href=\"http:\/\/albayane.press.ma\/les-forces-de-mediation.html\">Cliquez ici pour lire l&rsquo;article depuis sa source.<\/a><\/p>\n","protected":false},"excerpt":{"rendered":"<p>Lors de la s\u00e9ance d\u2019ouverture du conseil r\u00e9gional du PJD, en ce moment dominical auquel ont pris part une flop\u00e9e de leaders politiques de la r\u00e9gion Souss Massa, Med Amakraz, ministre de l\u2019emploi, membre du secr\u00e9tariat g\u00e9n\u00e9ral de la lampe, avait bien raison d\u2019\u00e9voquer la probl\u00e9matique de l\u2019apoplexie que subit, ces temps-ci, la vie politique [&hellip;]<\/p>\n","protected":false},"author":1760,"featured_media":0,"comment_status":"closed","ping_status":"closed","sticky":false,"template":"","format":"standard","meta":{"fifu_image_url":"","fifu_image_alt":"","footnotes":""},"categories":[73,54],"tags":[],"class_list":["post-70474","post","type-post","status-publish","format-standard","hentry","category-actualite","category-maroc"],"_links":{"self":[{"href":"https:\/\/linitiative.ca\/International\/wp-json\/wp\/v2\/posts\/70474","targetHints":{"allow":["GET"]}}],"collection":[{"href":"https:\/\/linitiative.ca\/International\/wp-json\/wp\/v2\/posts"}],"about":[{"href":"https:\/\/linitiative.ca\/International\/wp-json\/wp\/v2\/types\/post"}],"author":[{"embeddable":true,"href":"https:\/\/linitiative.ca\/International\/wp-json\/wp\/v2\/users\/1760"}],"replies":[{"embeddable":true,"href":"https:\/\/linitiative.ca\/International\/wp-json\/wp\/v2\/comments?post=70474"}],"version-history":[{"count":0,"href":"https:\/\/linitiative.ca\/International\/wp-json\/wp\/v2\/posts\/70474\/revisions"}],"wp:attachment":[{"href":"https:\/\/linitiative.ca\/International\/wp-json\/wp\/v2\/media?parent=70474"}],"wp:term":[{"taxonomy":"category","embeddable":true,"href":"https:\/\/linitiative.ca\/International\/wp-json\/wp\/v2\/categories?post=70474"},{"taxonomy":"post_tag","embeddable":true,"href":"https:\/\/linitiative.ca\/International\/wp-json\/wp\/v2\/tags?post=70474"}],"curies":[{"name":"wp","href":"https:\/\/api.w.org\/{rel}","templated":true}]}}