{"id":70475,"date":"2019-12-17T08:29:47","date_gmt":"2019-12-17T13:29:47","guid":{"rendered":"https:\/\/linitiative.ca\/International\/secteur-de-lenergie-et-des-mines-une-contribution-prevue-de-6-a-la-valeur-ajoutee-de-leconomie-en-2020\/"},"modified":"2019-12-17T08:29:47","modified_gmt":"2019-12-17T13:29:47","slug":"secteur-de-lenergie-et-des-mines-une-contribution-prevue-de-6-a-la-valeur-ajoutee-de-leconomie-en-2020","status":"publish","type":"post","link":"https:\/\/linitiative.ca\/International\/secteur-de-lenergie-et-des-mines-une-contribution-prevue-de-6-a-la-valeur-ajoutee-de-leconomie-en-2020\/","title":{"rendered":"Secteur de l\u2019\u00e9nergie et des mines\u00a0: Une contribution pr\u00e9vue de 6% \u00e0 la valeur ajout\u00e9e de l\u2019\u00e9conomie en 2020"},"content":{"rendered":"<p>La contribution des secteurs de l\u2019\u00e9nergie et des mines \u00e0 la valeur ajout\u00e9e de l\u2019\u00e9conomie nationale augmentera \u00e0 6% en 2020 contre 4% en 2018, a indiqu\u00e9, lundi, \u00e0 Tunis, le ministre de l\u2019Industrie et des PME, Slim F\u00e9riani. Cette contribution \u00e9tait de 8% en 2010. Lors d\u2019une conf\u00e9rence de presse tenue au si\u00e8ge de l\u2019INNORPI et consacr\u00e9e \u00e0 l\u2019exposition du bilan du minist\u00e8re durant la p\u00e9riode 2016-2019, il a imput\u00e9 cette augmentation \u00e0 l\u2019am\u00e9lioration des rendements de la plupart des secteurs (hydrocarbures, \u00e9lectricit\u00e9, Gaz, maitrise de l\u2019\u00e9nergie, phosphates et mines). Le ministre a, en outre, affirm\u00e9 que 6 permis de recherche et d\u2019exploration ont \u00e9t\u00e9 accord\u00e9s en 2019 contre 2 permis durant les 5 derni\u00e8res ann\u00e9es, ce qui portera le nombre total \u00e0 34 permis en 2020. Il a \u00e9galement rappel\u00e9 la r\u00e9gularisation de la situation du permis de recherche des hydrocarbures de Borj El Khadra suspendu depuis 2013, et de la concession d\u2019exploitation du champ p\u00e9trolier Halk El Menzel (large de Monastir) dont l\u2019entr\u00e9e en production est pr\u00e9vue pour janvier 2020. Feriani a aussi \u00e9voqu\u00e9 l\u2019entr\u00e9e en exploitation, prochainement, du Champ Nawara pour l\u2019extraction du gaz naturel du Sahara de Tataouine, expliquant le retard accus\u00e9 dans ce sens par des facteurs techniques et sociaux. Le ministre a, en outre, rappel\u00e9 l\u2019installation de la centrale \u00e9lectrique \u00e0 Turbines \u00e0 gaz de Mornaguia \u00e0 Borj El Amri et de la centrale \u00e9lectrique \u00e0 cycle combin\u00e9 de Rad\u00e8s d\u2019un co\u00fbt global de 1500 millions de dinars. Il a, par ailleurs, cit\u00e9 l\u2019entr\u00e9e en exploitation, en 2019, de la centrale photovolta\u00efque Tozeur 1 d\u2019une capacit\u00e9 de 10 MW affirmant que l\u2019entr\u00e9e en exploitation de la centrale photovolta\u00efque Tozeur 2 (10 MW) est pr\u00e9vue pour le premier trimestre de 2020. Le ministre n\u2019a pas manqu\u00e9 de rappeler la prolongation de dix ans du contrat d\u2019approvisionnement du march\u00e9 italien en gaz naturel alg\u00e9rien, ce qui permettra \u00e0 la Tunisie des revenus annuels d\u00e9passant 600 millions de dinars (frais et redevance).<\/p>\n<p class=\"dpsp-share-text\">Partager c&rsquo;est aimer!<\/p>\n<div class=\"wp-post-author-wrap wp-post-author-shortcode left\">\n<h3 class=\"awpa-title\"\/>\n<div class=\"wp-post-author\">\n<div class=\"awpa-img awpa-author-block square\"><a href=\"http:\/\/lexpertjournal.net\/fr\/author\/expert\/\"><img loading=\"lazy\" decoding=\"async\" alt=\"\" src=\"http:\/\/0.gravatar.com\/avatar\/c828f0b17d24309f0d01a4eac3747085?s=150&#038;d=mm&#038;r=g\" srcset=\"http:\/\/0.gravatar.com\/avatar\/c828f0b17d24309f0d01a4eac3747085?s=300&#038;d=mm&#038;r=g 2x\" class=\"avatar avatar-150 photo\" height=\"150\" width=\"150\"\/><\/a><\/div>\n<\/div>\n<\/div>\n<p>Auteur: L&rsquo;expert<br \/>\n<a href=\"http:\/\/lexpertjournal.net\/fr\/2019\/12\/17\/secteur-de-lenergie-et-des-mines-une-contribution-prevue-de-6-a-la-valeur-ajoutee-de-leconomie-en-2020\/\">Cliquez ici pour lire l&rsquo;article depuis sa source.<\/a><\/p>\n","protected":false},"excerpt":{"rendered":"<p>La contribution des secteurs de l\u2019\u00e9nergie et des mines \u00e0 la valeur ajout\u00e9e de l\u2019\u00e9conomie nationale augmentera \u00e0 6% en 2020 contre 4% en 2018, a indiqu\u00e9, lundi, \u00e0 Tunis, le ministre de l\u2019Industrie et des PME, Slim F\u00e9riani. Cette contribution \u00e9tait de 8% en 2010. Lors d\u2019une conf\u00e9rence de presse tenue au si\u00e8ge de [&hellip;]<\/p>\n","protected":false},"author":1775,"featured_media":0,"comment_status":"closed","ping_status":"closed","sticky":false,"template":"","format":"standard","meta":{"fifu_image_url":"","fifu_image_alt":"","footnotes":""},"categories":[78,55],"tags":[],"class_list":["post-70475","post","type-post","status-publish","format-standard","hentry","category-economie","category-tunisie"],"_links":{"self":[{"href":"https:\/\/linitiative.ca\/International\/wp-json\/wp\/v2\/posts\/70475","targetHints":{"allow":["GET"]}}],"collection":[{"href":"https:\/\/linitiative.ca\/International\/wp-json\/wp\/v2\/posts"}],"about":[{"href":"https:\/\/linitiative.ca\/International\/wp-json\/wp\/v2\/types\/post"}],"author":[{"embeddable":true,"href":"https:\/\/linitiative.ca\/International\/wp-json\/wp\/v2\/users\/1775"}],"replies":[{"embeddable":true,"href":"https:\/\/linitiative.ca\/International\/wp-json\/wp\/v2\/comments?post=70475"}],"version-history":[{"count":0,"href":"https:\/\/linitiative.ca\/International\/wp-json\/wp\/v2\/posts\/70475\/revisions"}],"wp:attachment":[{"href":"https:\/\/linitiative.ca\/International\/wp-json\/wp\/v2\/media?parent=70475"}],"wp:term":[{"taxonomy":"category","embeddable":true,"href":"https:\/\/linitiative.ca\/International\/wp-json\/wp\/v2\/categories?post=70475"},{"taxonomy":"post_tag","embeddable":true,"href":"https:\/\/linitiative.ca\/International\/wp-json\/wp\/v2\/tags?post=70475"}],"curies":[{"name":"wp","href":"https:\/\/api.w.org\/{rel}","templated":true}]}}