{"id":70480,"date":"2019-12-17T13:04:19","date_gmt":"2019-12-17T18:04:19","guid":{"rendered":"https:\/\/linitiative.ca\/International\/le-chanteur-mohamed-lamari-inhume-a-alger\/"},"modified":"2019-12-17T13:04:19","modified_gmt":"2019-12-17T18:04:19","slug":"le-chanteur-mohamed-lamari-inhume-a-alger","status":"publish","type":"post","link":"https:\/\/linitiative.ca\/International\/le-chanteur-mohamed-lamari-inhume-a-alger\/","title":{"rendered":"Le chanteur Mohamed Lamari inhum\u00e9 \u00e0 Alger"},"content":{"rendered":"<div readability=\"35\">\n<p><strong>ALGER &#8211; Le chanteur Mohamed Lamari, d\u00e9c\u00e9d\u00e9 lundi \u00e0 l&rsquo;\u00e2ge de 79 ans, a \u00e9t\u00e9 inhum\u00e9 dans l&rsquo;apr\u00e8s-midi au cimeti\u00e8re d&rsquo;El Kettar \u00e0 Alger en pr\u00e9sence d&rsquo;une foule nombreuse.<\/strong><\/p>\n<\/div>\n<div readability=\"113\">\n<p>Dans une atmosph\u00e8re sobre empreinte d&rsquo;\u00e9motion, des artistes, admirateurs et compagnons de route \u00e9taient nombreux \u00e0 accompagner Mohamed Lamari \u00e0 sa derni\u00e8re demeure.<\/p>\n<p>Des chanteurs, com\u00e9diens et compositeurs qui ont c\u00f4toy\u00e9 Mohamed Lamari, ont tenu \u00e0 rendre un hommage \u00e0 la m\u00e9moire d&rsquo;un des pionniers de la chanson moderne alg\u00e9rienne.<\/p>\n<p>Le chanteur du hawzi, Samir Toumi, regrette la perte d&rsquo;un \u00ab\u00a0monument de la chanson alg\u00e9rienne au parcours tr\u00e8s riche\u00a0\u00bb. Sa disparition est une \u00ab\u00a0perte pour la sc\u00e8ne musicale\u00a0\u00bb qu&rsquo;il a anim\u00e9e durant des d\u00e9cennies, a-t-il\u00a0 d\u00e9plor\u00e9.<\/p>\n<p>Pour sa part, le chanteur kabyle, Boualem Chaker, regrette la disparition\u00a0 d&rsquo;un \u00ab\u00a0monument\u00a0\u00bb de la chanson moderne \u00e0 laquelle il a l\u00e9gu\u00e9 un \u00ab\u00a0r\u00e9pertoire riche\u00a0\u00bb.<\/p>\n<p>Il garde du d\u00e9funt le souvenir d&rsquo;un homme \u00ab\u00a0modeste\u00a0\u00bb qui \u00e9tait un \u00ab\u00a0guide\u00a0\u00bb pour les jeunes artistes de l&rsquo;\u00e9poque.<\/p>\n<p>Rezig Dreffoune, plus connu sous le nom d&rsquo;artiste Nouredine Choukas, musicien membre de l&rsquo;Orchestre de la T\u00e9l\u00e9vision alg\u00e9rienne, se rappelle d&rsquo;un artiste \u00ab\u00a0jovial\u00a0\u00bb, \u00ab\u00a0loquace\u00a0\u00bb\u00a0 et \u00ab\u00a0badin\u00a0\u00bb qu&rsquo;il a eu \u00e0 accompagner pendant une\u00a0 vingtaine d&rsquo;ann\u00e9e comme guitariste.<\/p>\n<p>Yousfi Selouane, auteur-compositeur qui a fait partie avec Mohamed Lamari dans la Chorale de la T\u00e9l\u00e9vision alg\u00e9rienne (ex RTA), se souvient d&rsquo;un artiste, consid\u00e9r\u00e9 dans les ann\u00e9es 70 comme un des chanteurs les plus connus sur la sc\u00e8ne musicale en Alg\u00e9rie.<\/p>\n<p>Le Premier ministre, Noureddine Bedoui, avait, lui, regrett\u00e9 dans un message de condol\u00e9ances, la perte d&rsquo; \u00ab\u00a0un monument et (d&rsquo;) un grand chanteur\u00a0\u00bb qui a marqu\u00e9 de son empreinte la sc\u00e8ne musicale alg\u00e9rienne.<\/p>\n<p>Le ministre de la Culture par int\u00e9rim, Hassane Rabehi, a \u00e9voqu\u00e9 pour sa part la disparition d&rsquo;un \u00ab\u00a0grand monument\u00a0\u00bb de la chanson alg\u00e9rienne.<\/p>\n<p>Natif d&rsquo;Alger en 1940, Mohamed Lamari s&rsquo;est lanc\u00e9, d\u00e8s son jeune \u00e2ge, dans l&rsquo;univers de la musique \u00e0 travers des f\u00eates familiales et autres occasions priv\u00e9es.<\/p>\n<p>Consid\u00e9r\u00e9 comme le doyen des interpr\u00e8tes de la chanson moderne alg\u00e9rienne, Mohamed Lamari a entam\u00e9 sa carri\u00e8re, longue de 65 ans, avant l&rsquo;ind\u00e9pendance.\u00a0<br \/>L&rsquo;artiste a collabor\u00e9 avec plusieurs paroliers c\u00e9l\u00e8bres \u00e0 l&rsquo;image de Mohamed Lahbib Hachlaf, Mustapha Toumi dont il chantera \u00ab\u00a0N&rsquo;djoum\u00a0\u00bb et \u00ab\u00a0Djazairia\u00a0\u00bb, entre autres.<\/p>\n<p>\u00ab\u00a0Rana Hna\u00a0\u00bb, \u00ab\u00a0Thawra\u00a0\u00bb et \u00ab\u00a0ah ya kalbi\u00a0\u00bb, entre autres, marqueront le public des ann\u00e9es 60 et\u00a0 70.<\/p>\n<p>Outre son c\u00e9l\u00e8bre duo avec Myriam Makeba, en interpr\u00e9tant la chanson\u00a0 \u00ab\u00a0Africa\u00a0\u00bb, il d\u00e9die une chanson \u00e0 Che Guevara, \u00e9crite par Mustapha Toumi le jour m\u00eame de l&rsquo;ex\u00e9cution du r\u00e9volutionnaire argentin par l&rsquo;arm\u00e9e bolivienne.<\/p>\n<\/div>\n<p>Auteur:<br \/>\n<a href=\"http:\/\/www.aps.dz\/culture\/99042-le-chanteur-mohamed-lamari-inhume-a-alger\">Cliquez ici pour lire l&rsquo;article depuis sa source.<\/a><\/p>\n","protected":false},"excerpt":{"rendered":"<p>ALGER &#8211; Le chanteur Mohamed Lamari, d\u00e9c\u00e9d\u00e9 lundi \u00e0 l&rsquo;\u00e2ge de 79 ans, a \u00e9t\u00e9 inhum\u00e9 dans l&rsquo;apr\u00e8s-midi au cimeti\u00e8re d&rsquo;El Kettar \u00e0 Alger en pr\u00e9sence d&rsquo;une foule nombreuse. Dans une atmosph\u00e8re sobre empreinte d&rsquo;\u00e9motion, des artistes, admirateurs et compagnons de route \u00e9taient nombreux \u00e0 accompagner Mohamed Lamari \u00e0 sa derni\u00e8re demeure. Des chanteurs, com\u00e9diens [&hellip;]<\/p>\n","protected":false},"author":1790,"featured_media":0,"comment_status":"closed","ping_status":"closed","sticky":false,"template":"","format":"standard","meta":{"fifu_image_url":"","fifu_image_alt":"","footnotes":""},"categories":[53,79],"tags":[],"class_list":["post-70480","post","type-post","status-publish","format-standard","hentry","category-algerie","category-culture"],"_links":{"self":[{"href":"https:\/\/linitiative.ca\/International\/wp-json\/wp\/v2\/posts\/70480","targetHints":{"allow":["GET"]}}],"collection":[{"href":"https:\/\/linitiative.ca\/International\/wp-json\/wp\/v2\/posts"}],"about":[{"href":"https:\/\/linitiative.ca\/International\/wp-json\/wp\/v2\/types\/post"}],"author":[{"embeddable":true,"href":"https:\/\/linitiative.ca\/International\/wp-json\/wp\/v2\/users\/1790"}],"replies":[{"embeddable":true,"href":"https:\/\/linitiative.ca\/International\/wp-json\/wp\/v2\/comments?post=70480"}],"version-history":[{"count":0,"href":"https:\/\/linitiative.ca\/International\/wp-json\/wp\/v2\/posts\/70480\/revisions"}],"wp:attachment":[{"href":"https:\/\/linitiative.ca\/International\/wp-json\/wp\/v2\/media?parent=70480"}],"wp:term":[{"taxonomy":"category","embeddable":true,"href":"https:\/\/linitiative.ca\/International\/wp-json\/wp\/v2\/categories?post=70480"},{"taxonomy":"post_tag","embeddable":true,"href":"https:\/\/linitiative.ca\/International\/wp-json\/wp\/v2\/tags?post=70480"}],"curies":[{"name":"wp","href":"https:\/\/api.w.org\/{rel}","templated":true}]}}