{"id":70481,"date":"2019-12-17T13:04:22","date_gmt":"2019-12-17T18:04:22","guid":{"rendered":"https:\/\/linitiative.ca\/International\/lalgerie-participe-a-la-11e-conference-islamique-des-ministres-de-la-culture-en-tunisie\/"},"modified":"2019-12-17T13:04:22","modified_gmt":"2019-12-17T18:04:22","slug":"lalgerie-participe-a-la-11e-conference-islamique-des-ministres-de-la-culture-en-tunisie","status":"publish","type":"post","link":"https:\/\/linitiative.ca\/International\/lalgerie-participe-a-la-11e-conference-islamique-des-ministres-de-la-culture-en-tunisie\/","title":{"rendered":"L&rsquo;Alg\u00e9rie participe \u00e0 la 11e Conf\u00e9rence islamique des ministres de la Culture en Tunisie"},"content":{"rendered":"<p><span class=\"sp-nh-title\">ISESCO: Rabehi plaide pour la place de la culture dans les politiques de d\u00e9veloppement<\/span> &#8211; <span class=\"sp-nh-date\">mardi 17 d\u00e9cembre 2019 18:22<\/span><\/p>\n<p><span class=\"sp-nh-title\">Un nouveau guide de l&rsquo;\u00e9tude d&rsquo;impact sur l&rsquo;environnement pour am\u00e9liorer l&rsquo;efficacit\u00e9 des bureaux d&rsquo;\u00e9tudes<\/span> &#8211; <span class=\"sp-nh-date\">mardi 17 d\u00e9cembre 2019 18:17<\/span><\/p>\n<p><span class=\"sp-nh-title\">Electricit\u00e9: vers l&rsquo;installation une capacit\u00e9 additionnelle de 20.000 MW dans 10 ans<\/span> &#8211; <span class=\"sp-nh-date\">mardi 17 d\u00e9cembre 2019 18:09<\/span><\/p>\n<p><span class=\"sp-nh-title\">Les APC doivent s\u2019impliquer s\u00e9rieusement dans la gestion des d\u00e9chets<\/span> &#8211; <span class=\"sp-nh-date\">mardi 17 d\u00e9cembre 2019 18:02<\/span><\/p>\n<p><span class=\"sp-nh-title\">Ghouini: la r\u00e9ussite de la Pr\u00e9sidentielle en Alg\u00e9rie consolidera la confiance et redonnera l&rsquo;espoir \u00e0 l&rsquo;ensemble des citoyens<\/span> &#8211; <span class=\"sp-nh-date\">mardi 17 d\u00e9cembre 2019 17:57<\/span><\/p>\n<p><span class=\"sp-nh-title\">Recherche scientifique: les nouvelles lois assoient un cadre institutionnel prometteur pour la d\u00e9finition des politiques nationales<\/span> &#8211; <span class=\"sp-nh-date\">mardi 17 d\u00e9cembre 2019 17:38<\/span><\/p>\n<p><span class=\"sp-nh-title\">D\u00e9signation d&rsquo;administrateurs au sein des banques publiques: Le minist\u00e8re des Finances lance un appel \u00e0 candidature<\/span> &#8211; <span class=\"sp-nh-date\">mardi 17 d\u00e9cembre 2019 17:35<\/span><\/p>\n<p><span class=\"sp-nh-title\">Administrateurs ind\u00e9pendant des banques publiques : le minist\u00e8re des Finances fixe les crit\u00e8res de s\u00e9lection<\/span> &#8211; <span class=\"sp-nh-date\">mardi 17 d\u00e9cembre 2019 17:10<\/span><\/p>\n<p><span class=\"sp-nh-title\">Six v\u00e9hicules et un camion-citerne brul\u00e9s au niveau du parking d&rsquo;une banque \u00e0 Cheraga<\/span> &#8211; <span class=\"sp-nh-date\">mardi 17 d\u00e9cembre 2019 17:03<\/span><\/p>\n<p><span class=\"sp-nh-title\">R\u00e9fugi\u00e9s sahraouis : l&rsquo;UE octroie une aide de 1,3 million d&rsquo;euros<\/span> &#8211; <span class=\"sp-nh-date\">mardi 17 d\u00e9cembre 2019 16:46<\/span><\/p>\n<p><span class=\"sp-nh-title\">Le parti Jil Jadid soutient le principe du dialogue<\/span> &#8211; <span class=\"sp-nh-date\">mardi 17 d\u00e9cembre 2019 16:35<\/span><\/p>\n<p><span class=\"sp-nh-title\">Tayeb Bouzid examine avec l&rsquo;ambassadeur chinois la coop\u00e9ration bilat\u00e9rale<\/span> &#8211; <span class=\"sp-nh-date\">mardi 17 d\u00e9cembre 2019 16:14<\/span><\/p>\n<p><span class=\"sp-nh-title\">L&rsquo;APN prendra part aux travaux du 15eme Congr\u00e8s du Front Polisario \u00a0<\/span> &#8211; <span class=\"sp-nh-date\">mardi 17 d\u00e9cembre 2019 16:04<\/span><\/p>\n<p><span class=\"sp-nh-title\">R\u00e9forme du syst\u00e8me des retraites en France: le mouvement de gr\u00e8ve se durcit<\/span> &#8211; <span class=\"sp-nh-date\">mardi 17 d\u00e9cembre 2019 15:39<\/span><\/p>\n<p><span class=\"sp-nh-title\">3e Festival de la bande dessin\u00e9e et de la caricature \u00e0 Tizi Ouzou \u00e0 partir du 19 d\u00e9cembre<\/span> &#8211; <span class=\"sp-nh-date\">mardi 17 d\u00e9cembre 2019 14:11<\/span><\/p>\n<p><span class=\"sp-nh-title\">Halt\u00e9rophilie: Djamel Dahmoune \u00e9lu au bureau ex\u00e9cutif de l\u2019UAH<\/span> &#8211; <span class=\"sp-nh-date\">mardi 17 d\u00e9cembre 2019 13:54<\/span><\/p>\n<p><span class=\"sp-nh-title\">Sonelgaz: remise de la 1\u00e8re commande de pi\u00e8ces de rechanges locales sous le label GE<\/span> &#8211; <span class=\"sp-nh-date\">mardi 17 d\u00e9cembre 2019 13:25<\/span><\/p>\n<p><span class=\"sp-nh-title\">Situation s\u00e9curitaire au Sahel: les missions de paix de l&rsquo;ONU inadapt\u00e9es \u00e0 l&rsquo;environnement actuel<\/span> &#8211; <span class=\"sp-nh-date\">mardi 17 d\u00e9cembre 2019 13:05<\/span><\/p>\n<p><span class=\"sp-nh-title\">Sondage APS des meilleurs athl\u00e8tes 2019 : la liste propos\u00e9e\u00a0<\/span> &#8211; <span class=\"sp-nh-date\">mardi 17 d\u00e9cembre 2019 13:02<\/span><\/p>\n<p><span class=\"sp-nh-title\">Football \/Coupe d&rsquo;Alg\u00e9rie: Zetchi explique la modification du calendrier<\/span> &#8211; <span class=\"sp-nh-date\">mardi 17 d\u00e9cembre 2019 12:56<\/span><\/p>\n<p>Auteur:<br \/>\n<a href=\"http:\/\/www.aps.dz\/culture\/99049-l-algerie-participe-a-la-11e-conference-islamique-des-ministres-de-la-culture-en-tunisie\">Cliquez ici pour lire l&rsquo;article depuis sa source.<\/a><\/p>\n","protected":false},"excerpt":{"rendered":"<p>ISESCO: Rabehi plaide pour la place de la culture dans les politiques de d\u00e9veloppement &#8211; mardi 17 d\u00e9cembre 2019 18:22 Un nouveau guide de l&rsquo;\u00e9tude d&rsquo;impact sur l&rsquo;environnement pour am\u00e9liorer l&rsquo;efficacit\u00e9 des bureaux d&rsquo;\u00e9tudes &#8211; mardi 17 d\u00e9cembre 2019 18:17 Electricit\u00e9: vers l&rsquo;installation une capacit\u00e9 additionnelle de 20.000 MW dans 10 ans &#8211; mardi 17 [&hellip;]<\/p>\n","protected":false},"author":1790,"featured_media":0,"comment_status":"closed","ping_status":"closed","sticky":false,"template":"","format":"standard","meta":{"fifu_image_url":"","fifu_image_alt":"","footnotes":""},"categories":[53,79],"tags":[],"class_list":["post-70481","post","type-post","status-publish","format-standard","hentry","category-algerie","category-culture"],"_links":{"self":[{"href":"https:\/\/linitiative.ca\/International\/wp-json\/wp\/v2\/posts\/70481","targetHints":{"allow":["GET"]}}],"collection":[{"href":"https:\/\/linitiative.ca\/International\/wp-json\/wp\/v2\/posts"}],"about":[{"href":"https:\/\/linitiative.ca\/International\/wp-json\/wp\/v2\/types\/post"}],"author":[{"embeddable":true,"href":"https:\/\/linitiative.ca\/International\/wp-json\/wp\/v2\/users\/1790"}],"replies":[{"embeddable":true,"href":"https:\/\/linitiative.ca\/International\/wp-json\/wp\/v2\/comments?post=70481"}],"version-history":[{"count":0,"href":"https:\/\/linitiative.ca\/International\/wp-json\/wp\/v2\/posts\/70481\/revisions"}],"wp:attachment":[{"href":"https:\/\/linitiative.ca\/International\/wp-json\/wp\/v2\/media?parent=70481"}],"wp:term":[{"taxonomy":"category","embeddable":true,"href":"https:\/\/linitiative.ca\/International\/wp-json\/wp\/v2\/categories?post=70481"},{"taxonomy":"post_tag","embeddable":true,"href":"https:\/\/linitiative.ca\/International\/wp-json\/wp\/v2\/tags?post=70481"}],"curies":[{"name":"wp","href":"https:\/\/api.w.org\/{rel}","templated":true}]}}