{"id":70482,"date":"2019-12-17T13:04:25","date_gmt":"2019-12-17T18:04:25","guid":{"rendered":"https:\/\/linitiative.ca\/International\/la-revision-de-la-legislation-relative-a-la-protection-des-biens-culturels-immobiliers-preconisee\/"},"modified":"2019-12-17T13:04:25","modified_gmt":"2019-12-17T18:04:25","slug":"la-revision-de-la-legislation-relative-a-la-protection-des-biens-culturels-immobiliers-preconisee","status":"publish","type":"post","link":"https:\/\/linitiative.ca\/International\/la-revision-de-la-legislation-relative-a-la-protection-des-biens-culturels-immobiliers-preconisee\/","title":{"rendered":"La r\u00e9vision de la l\u00e9gislation relative \u00e0 la protection des biens culturels immobiliers pr\u00e9conis\u00e9e\u00a0"},"content":{"rendered":"<div readability=\"35\">\n<p><strong>CONSTANTINE- La mise \u00e0 jour de la l\u00e9gislation relative \u00e0 la protection des biens culturels immobiliers a \u00e9t\u00e9 pr\u00e9conis\u00e9e lundi \u00e0 Constantine au terme d\u2019un s\u00e9minaire national sur la protection l\u00e9gale des propri\u00e9t\u00e9s et biens culturels organis\u00e9 \u00e0 l\u2019initiative de l\u2019universit\u00e9 des Fr\u00e8res Mentouri (Constantine1).<\/strong><\/p>\n<\/div>\n<div readability=\"70.3327190827\">\n<p>Qualifiant de \u00ab\u00a0d\u00e9pass\u00e9e\u00a0\u00bb la l\u00e9gislation r\u00e9gissant la gestion de ce domaine, les participants \u00e0 ce s\u00e9minaire national ont insist\u00e9 sur la r\u00e9vision notamment de l\u2019article 98 de la loi 89-04 relative \u00e0 la protection du patrimoine culturel en introduisant des peines s\u00e9v\u00e8res pour mieux lutter contre toute forme d\u2019agression ciblant les vestiges ou autres sites historiques.<\/p>\n<blockquote readability=\"11\">\n<p><em><strong>\u00ab\u00a0L\u2019actuelle loi en vigueur inflige des peines allant de 2.000 \u00e0 10.000 DA pour toute infraction d\u2019occupation ou utilisation ill\u00e9gal d\u2019un bien culturel immobilier class\u00e9\u00a0\u00bb, a soulign\u00e9 la pr\u00e9sidente du s\u00e9minaire, Hanane Samiha Khoualdia, relevant l\u2019importance de l\u2019adaptation de la loi en vigueur r\u00e9gissant ce domaine pour une meilleure protection de la m\u00e9moire collective.<\/strong><\/em><\/p>\n<\/blockquote>\n<p>Les lois r\u00e9gissant ce domaine remontent \u00e0 plus de deux d\u00e9cennies, a fait savoir Mme. Khoualdia qui a insist\u00e9 sur l\u2019importance d\u2019adapter le cadre l\u00e9gal \u00e0 l\u2019\u00e9volution internationale en la mati\u00e8re, en prenant en consid\u00e9ration les classifications \u00e9tablies par l\u2019UNESCO.<\/p>\n<hr\/>\n<h4 class=\"allmode-title\">Lire aussi:\u00a0<a href=\"http:\/\/www.aps.dz\/culture\/99007-la-preservation-du-mausolee-royal-imedghassen-responsabilite-de-tous\">La pr\u00e9servation du mausol\u00e9e royal Imedghass\u00e8n, responsabilit\u00e9 de tous<\/a><\/h4>\n<hr\/>\n<p>Les participants au s\u00e9minaire national, venus de diff\u00e9rentes universit\u00e9s du pays, ont appel\u00e9 \u00e9galement \u00e0 l\u2019introduction de mesures et r\u00e8gles sp\u00e9cifiques pour la restauration des biens culturels rev\u00eatant des caract\u00e8res particuliers et ont insist\u00e9 sur l\u2019importance de former des experts qualifi\u00e9s en la mati\u00e8re.<\/p>\n<p>L&rsquo;activation du r\u00f4le de la police urbaine a \u00e9t\u00e9 recommand\u00e9e au cours du s\u00e9minaire qui a \u00e9t\u00e9 mis \u00e0 profit pour appeler \u00e0 la conjugaison des efforts des diff\u00e9rents intervenants, \u00e0 savoir universit\u00e9, responsables locaux et centraux, pour mettre en valeur les tr\u00e9sors culturels du pays.<\/p>\n<blockquote readability=\"8\">\n<p><em><strong>La modernisation de la cartographie arch\u00e9ologique du pays et l\u2019utilisation des techniques de pointe en mati\u00e8re d\u2019information et de communication ont \u00e9t\u00e9 recommand\u00e9es par les participants au s\u00e9minaire organis\u00e9 avec la participation du laboratoire des \u00e9tudes et recherches en M\u00e9diterran\u00e9e et au Maghreb de l\u2019universit\u00e9 Constantine1.<\/strong><\/em><\/p>\n<\/blockquote>\n<p>Les travaux de la rencontre qui ont trait\u00e9 plusieurs volets en rapport notamment avec le caract\u00e8re l\u00e9gal, urbain, s\u00e9curitaire, technique, \u00e9conomique et touristique du domaine du patrimoine national, ont abord\u00e9 la question de la protection des biens culturels en cas de guerre et de conflits comme en Irak et en Palestine.<\/p>\n<\/div>\n<p>Auteur:<br \/>\n<a href=\"http:\/\/www.aps.dz\/culture\/99052-la-revision-de-la-legislation-relative-a-la-protection-des-biens-culturels-immobiliers-preconisee\">Cliquez ici pour lire l&rsquo;article depuis sa source.<\/a><\/p>\n","protected":false},"excerpt":{"rendered":"<p>CONSTANTINE- La mise \u00e0 jour de la l\u00e9gislation relative \u00e0 la protection des biens culturels immobiliers a \u00e9t\u00e9 pr\u00e9conis\u00e9e lundi \u00e0 Constantine au terme d\u2019un s\u00e9minaire national sur la protection l\u00e9gale des propri\u00e9t\u00e9s et biens culturels organis\u00e9 \u00e0 l\u2019initiative de l\u2019universit\u00e9 des Fr\u00e8res Mentouri (Constantine1). Qualifiant de \u00ab\u00a0d\u00e9pass\u00e9e\u00a0\u00bb la l\u00e9gislation r\u00e9gissant la gestion de ce [&hellip;]<\/p>\n","protected":false},"author":1790,"featured_media":0,"comment_status":"closed","ping_status":"closed","sticky":false,"template":"","format":"standard","meta":{"fifu_image_url":"","fifu_image_alt":"","footnotes":""},"categories":[53,79],"tags":[],"class_list":["post-70482","post","type-post","status-publish","format-standard","hentry","category-algerie","category-culture"],"_links":{"self":[{"href":"https:\/\/linitiative.ca\/International\/wp-json\/wp\/v2\/posts\/70482","targetHints":{"allow":["GET"]}}],"collection":[{"href":"https:\/\/linitiative.ca\/International\/wp-json\/wp\/v2\/posts"}],"about":[{"href":"https:\/\/linitiative.ca\/International\/wp-json\/wp\/v2\/types\/post"}],"author":[{"embeddable":true,"href":"https:\/\/linitiative.ca\/International\/wp-json\/wp\/v2\/users\/1790"}],"replies":[{"embeddable":true,"href":"https:\/\/linitiative.ca\/International\/wp-json\/wp\/v2\/comments?post=70482"}],"version-history":[{"count":0,"href":"https:\/\/linitiative.ca\/International\/wp-json\/wp\/v2\/posts\/70482\/revisions"}],"wp:attachment":[{"href":"https:\/\/linitiative.ca\/International\/wp-json\/wp\/v2\/media?parent=70482"}],"wp:term":[{"taxonomy":"category","embeddable":true,"href":"https:\/\/linitiative.ca\/International\/wp-json\/wp\/v2\/categories?post=70482"},{"taxonomy":"post_tag","embeddable":true,"href":"https:\/\/linitiative.ca\/International\/wp-json\/wp\/v2\/tags?post=70482"}],"curies":[{"name":"wp","href":"https:\/\/api.w.org\/{rel}","templated":true}]}}