{"id":70484,"date":"2019-12-17T05:00:00","date_gmt":"2019-12-17T10:00:00","guid":{"rendered":"https:\/\/linitiative.ca\/International\/creation-prochaine-daires-de-repos\/"},"modified":"2019-12-17T05:00:00","modified_gmt":"2019-12-17T10:00:00","slug":"creation-prochaine-daires-de-repos","status":"publish","type":"post","link":"https:\/\/linitiative.ca\/International\/creation-prochaine-daires-de-repos\/","title":{"rendered":"Cr\u00e9ation prochaine d\u2019aires de repos"},"content":{"rendered":"<div id=\"originalText\" readability=\"41\">\n<p>La Tunisie et l\u2019Alg\u00e9rie ont r\u00e9cemment convenu de r\u00e9aliser des aires de repos et de loisirs sur la bande frontali\u00e8re pour offrir aux voyageurs des deux pays qui traversent la fronti\u00e8re un espace qui leur permettra de se distraire durant leur transit.<\/p>\n<p>Cette d\u00e9cision a \u00e9t\u00e9 prise en marge de la 25e Conf\u00e9rence des parties sur le climat, qui s\u2019est d\u00e9roul\u00e9e \u00e0 Madrid, en Espagne. Ainsi, une r\u00e9union pr\u00e9liminaire se tiendra entre les deux parties vers la fin janvier 2020 pour mettre en \u0153uvre ce projet cofinanc\u00e9 par les deux pays.<\/p>\n<\/div>\n<div id=\"text_core\" readability=\"41\">\n<p>La Tunisie et l\u2019Alg\u00e9rie ont r\u00e9cemment convenu de r\u00e9aliser des aires de repos et de loisirs sur la bande frontali\u00e8re pour offrir aux voyageurs des deux pays qui traversent la fronti\u00e8re un espace qui leur permettra de se distraire durant leur transit.<\/p>\n<p>Cette d\u00e9cision a \u00e9t\u00e9 prise en marge de la 25e Conf\u00e9rence des parties sur le climat, qui s\u2019est d\u00e9roul\u00e9e \u00e0 Madrid, en Espagne. Ainsi, une r\u00e9union pr\u00e9liminaire se tiendra entre les deux parties vers la fin janvier 2020 pour mettre en \u0153uvre ce projet cofinanc\u00e9 par les deux pays.<\/p>\n<\/div>\n<p>Auteur:<br \/>\n<a href=\"https:\/\/www.liberte-algerie.com\/radar\/creation-prochaine-daires-de-repos-330267\">Cliquez ici pour lire l&rsquo;article depuis sa source.<\/a><\/p>\n","protected":false},"excerpt":{"rendered":"<p>La Tunisie et l\u2019Alg\u00e9rie ont r\u00e9cemment convenu de r\u00e9aliser des aires de repos et de loisirs sur la bande frontali\u00e8re pour offrir aux voyageurs des deux pays qui traversent la fronti\u00e8re un espace qui leur permettra de se distraire durant leur transit. Cette d\u00e9cision a \u00e9t\u00e9 prise en marge de la 25e Conf\u00e9rence des parties [&hellip;]<\/p>\n","protected":false},"author":1742,"featured_media":0,"comment_status":"closed","ping_status":"closed","sticky":false,"template":"","format":"standard","meta":{"fifu_image_url":"","fifu_image_alt":"","footnotes":""},"categories":[73,53],"tags":[],"class_list":["post-70484","post","type-post","status-publish","format-standard","hentry","category-actualite","category-algerie"],"_links":{"self":[{"href":"https:\/\/linitiative.ca\/International\/wp-json\/wp\/v2\/posts\/70484","targetHints":{"allow":["GET"]}}],"collection":[{"href":"https:\/\/linitiative.ca\/International\/wp-json\/wp\/v2\/posts"}],"about":[{"href":"https:\/\/linitiative.ca\/International\/wp-json\/wp\/v2\/types\/post"}],"author":[{"embeddable":true,"href":"https:\/\/linitiative.ca\/International\/wp-json\/wp\/v2\/users\/1742"}],"replies":[{"embeddable":true,"href":"https:\/\/linitiative.ca\/International\/wp-json\/wp\/v2\/comments?post=70484"}],"version-history":[{"count":0,"href":"https:\/\/linitiative.ca\/International\/wp-json\/wp\/v2\/posts\/70484\/revisions"}],"wp:attachment":[{"href":"https:\/\/linitiative.ca\/International\/wp-json\/wp\/v2\/media?parent=70484"}],"wp:term":[{"taxonomy":"category","embeddable":true,"href":"https:\/\/linitiative.ca\/International\/wp-json\/wp\/v2\/categories?post=70484"},{"taxonomy":"post_tag","embeddable":true,"href":"https:\/\/linitiative.ca\/International\/wp-json\/wp\/v2\/tags?post=70484"}],"curies":[{"name":"wp","href":"https:\/\/api.w.org\/{rel}","templated":true}]}}