{"id":70485,"date":"2019-12-17T05:00:00","date_gmt":"2019-12-17T10:00:00","guid":{"rendered":"https:\/\/linitiative.ca\/International\/regus-ouvre-un-troisieme-espace-de-co-working\/"},"modified":"2019-12-17T05:00:00","modified_gmt":"2019-12-17T10:00:00","slug":"regus-ouvre-un-troisieme-espace-de-co-working","status":"publish","type":"post","link":"https:\/\/linitiative.ca\/International\/regus-ouvre-un-troisieme-espace-de-co-working\/","title":{"rendered":"Regus ouvre un troisi\u00e8me espace de co-working"},"content":{"rendered":"<div id=\"originalText\" readability=\"52\">\n<p>Le groupe Regus a officiellement lanc\u00e9 son troisi\u00e8me espace de bureaux et de co-working au Park-Mall de S\u00e9tif. Leader mondial des espaces de travail flexibles, Regus a inaugur\u00e9 cet espace en pr\u00e9sence de Tarek Abou-Zeinab, directeur de Regus Afrique francophone, et Malik Khanfri, directeur g\u00e9n\u00e9ral de Prombati, d\u00e9tentrice et gestionnaire du Park Mall de S\u00e9tif.<\/p>\n<p>L\u2019objectif \u00e9tant de d\u00e9velopper son maillage de centres d\u2019affaires en Alg\u00e9rie, Regus compte \u00e9largir ses activit\u00e9s \u00e0 Hassi Messaoud, Oran et Constantine, alors qu\u2019il ouvrira d\u2019autres espaces, en 2020, \u00e0 Hydra (Alger). Avec une pr\u00e9sence dans 20 pays d\u2019Afrique et plus de 3000 sites dans le monde, Regus d\u00e9livre un acc\u00e8s \u00e0 une communaut\u00e9 de 2,5 millions de clients et partenaires dans le monde.<\/p>\n<\/div>\n<div id=\"text_core\" readability=\"52\">\n<p>Le groupe Regus a officiellement lanc\u00e9 son troisi\u00e8me espace de bureaux et de co-working au Park-Mall de S\u00e9tif. Leader mondial des espaces de travail flexibles, Regus a inaugur\u00e9 cet espace en pr\u00e9sence de Tarek Abou-Zeinab, directeur de Regus Afrique francophone, et Malik Khanfri, directeur g\u00e9n\u00e9ral de Prombati, d\u00e9tentrice et gestionnaire du Park Mall de S\u00e9tif.<\/p>\n<p>L\u2019objectif \u00e9tant de d\u00e9velopper son maillage de centres d\u2019affaires en Alg\u00e9rie, Regus compte \u00e9largir ses activit\u00e9s \u00e0 Hassi Messaoud, Oran et Constantine, alors qu\u2019il ouvrira d\u2019autres espaces, en 2020, \u00e0 Hydra (Alger). Avec une pr\u00e9sence dans 20 pays d\u2019Afrique et plus de 3000 sites dans le monde, Regus d\u00e9livre un acc\u00e8s \u00e0 une communaut\u00e9 de 2,5 millions de clients et partenaires dans le monde.<\/p>\n<\/div>\n<p>Auteur:<br \/>\n<a href=\"https:\/\/www.liberte-algerie.com\/radar\/regus-ouvre-un-troisieme-espace-de-co-working-330266\">Cliquez ici pour lire l&rsquo;article depuis sa source.<\/a><\/p>\n","protected":false},"excerpt":{"rendered":"<p>Le groupe Regus a officiellement lanc\u00e9 son troisi\u00e8me espace de bureaux et de co-working au Park-Mall de S\u00e9tif. Leader mondial des espaces de travail flexibles, Regus a inaugur\u00e9 cet espace en pr\u00e9sence de Tarek Abou-Zeinab, directeur de Regus Afrique francophone, et Malik Khanfri, directeur g\u00e9n\u00e9ral de Prombati, d\u00e9tentrice et gestionnaire du Park Mall de S\u00e9tif. [&hellip;]<\/p>\n","protected":false},"author":1742,"featured_media":0,"comment_status":"closed","ping_status":"closed","sticky":false,"template":"","format":"standard","meta":{"fifu_image_url":"","fifu_image_alt":"","footnotes":""},"categories":[73,53],"tags":[],"class_list":["post-70485","post","type-post","status-publish","format-standard","hentry","category-actualite","category-algerie"],"_links":{"self":[{"href":"https:\/\/linitiative.ca\/International\/wp-json\/wp\/v2\/posts\/70485","targetHints":{"allow":["GET"]}}],"collection":[{"href":"https:\/\/linitiative.ca\/International\/wp-json\/wp\/v2\/posts"}],"about":[{"href":"https:\/\/linitiative.ca\/International\/wp-json\/wp\/v2\/types\/post"}],"author":[{"embeddable":true,"href":"https:\/\/linitiative.ca\/International\/wp-json\/wp\/v2\/users\/1742"}],"replies":[{"embeddable":true,"href":"https:\/\/linitiative.ca\/International\/wp-json\/wp\/v2\/comments?post=70485"}],"version-history":[{"count":0,"href":"https:\/\/linitiative.ca\/International\/wp-json\/wp\/v2\/posts\/70485\/revisions"}],"wp:attachment":[{"href":"https:\/\/linitiative.ca\/International\/wp-json\/wp\/v2\/media?parent=70485"}],"wp:term":[{"taxonomy":"category","embeddable":true,"href":"https:\/\/linitiative.ca\/International\/wp-json\/wp\/v2\/categories?post=70485"},{"taxonomy":"post_tag","embeddable":true,"href":"https:\/\/linitiative.ca\/International\/wp-json\/wp\/v2\/tags?post=70485"}],"curies":[{"name":"wp","href":"https:\/\/api.w.org\/{rel}","templated":true}]}}