{"id":70487,"date":"2019-12-17T10:25:00","date_gmt":"2019-12-17T15:25:00","guid":{"rendered":"https:\/\/linitiative.ca\/International\/les-etudiants-poursuivent-leur-marche-pour-le-changement\/"},"modified":"2019-12-17T10:25:00","modified_gmt":"2019-12-17T15:25:00","slug":"les-etudiants-poursuivent-leur-marche-pour-le-changement","status":"publish","type":"post","link":"https:\/\/linitiative.ca\/International\/les-etudiants-poursuivent-leur-marche-pour-le-changement\/","title":{"rendered":"Les \u00e9tudiants poursuivent leur marche pour le changement"},"content":{"rendered":"<div id=\"originalText\" readability=\"72\">\n<p>Peu avant 10h30, ils \u00e9taient d\u00e9j\u00e0 des centaines de manifestants \u00e0 se rassembler \u00e0 la Place des martyrs, pour ce 43e mardi de marche des \u00e9tudiants contre le syst\u00e8me en place. Des d\u00e9bats sur la situation actuelle du pays ont \u00e9t\u00e9 improvis\u00e9s par des gens \u00e2g\u00e9s, en attendant que la marche ne prenne son cours. Le principe de pacifisme, qui vaut pour chaque marche, a \u00e9t\u00e9 rappel\u00e9 d\u00e8s le matin.<\/p>\n<p><iframe loading=\"lazy\" allowfullscreen=\"true\" allowtransparency=\"true\" frameborder=\"0\" height=\"315\" scrolling=\"no\" src=\"https:\/\/web.facebook.com\/plugins\/video.php?href=https%3A%2F%2Fweb.facebook.com%2FJournaLiberteOfficiel%2Fvideos%2F967350376970024%2F&#038;show_text=0&#038;width=560\" class=\"c6\" width=\"560\">[embedded content]<\/iframe><\/p>\n<p>A 11h, les manifestants entament leur marche en se dirigeant vers le centre de la capitale. Pour \u00a0exprimer leur solidarit\u00e9 avec les manifestants qui ont \u00e9t\u00e9 bless\u00e9s notamment \u00e0 Tizi Ouzou, B\u00e9ja\u00efa, Bouira et Boumerd\u00e8s, lors des derniers affrontements avec la police, les \u00e9tudiants ont band\u00e9 leurs yeux.<\/p>\n<p>Les \u00e9tudiants ont aussi exprim\u00e9 leur solidarit\u00e9 avec les Oranais, violemment r\u00e9prim\u00e9s vendredi dernier, en scandant \u00ab\u00a0ya lawharna bravo alikoum w\u2019el djazair taftakher bikoum (bravo les oranais l\u2019Alg\u00e9rie est fi\u00e8re de vous)\u00bb. \u00a0<\/p>\n<p>Au fur et \u00e0 mesure que la marche progressait, de nombreux citoyens de passage y adh\u00e9raient. Arriv\u00e9s \u00e0 la place l\u2019Emir Abdelkader, \u00a0les manifestants ont r\u00e9it\u00e9r\u00e9 leur refus du dialogue avant la lib\u00e9ration des d\u00e9tenus d\u2019opinion en scandant \u00ablib\u00e9rez les otages, pas de chantage\u00a0\u00bb.<\/p>\n<p><iframe loading=\"lazy\" allowfullscreen=\"true\" allowtransparency=\"true\" frameborder=\"0\" height=\"315\" scrolling=\"no\" src=\"https:\/\/web.facebook.com\/plugins\/video.php?href=https%3A%2F%2Fweb.facebook.com%2FJournaLiberteOfficiel%2Fvideos%2F567921270653540%2F&#038;show_text=0&#038;width=560\" class=\"c6\" width=\"560\">[embedded content]<\/iframe><\/p>\n<p>Arriv\u00e9s \u00e0 la rue EL khatabi, les contestataires marquent une halte suite \u00e0 un appel lanc\u00e9 par un groupe d\u2019\u00e9tudiants. Le d\u00e9bat est ouvert\u00a0: \u00abLa saison 2 de notre Hirak commence maintenant. Nous devons nous organiser et \u00e9viter de leur donner l\u2019occasion de nous diviser\u00bb. \u00a0<\/p>\n<p>Vers 14h, les manifestants ont commenc\u00e9 \u00e0 se disperser. Aucune arrestation n\u2019a \u00e9t\u00e9 enregistr\u00e9e.<\/p>\n<p class=\"c7\"><strong>Kenza Sifi<\/strong><\/p>\n<\/div>\n<div id=\"text_core\" readability=\"72\">\n<p>Peu avant 10h30, ils \u00e9taient d\u00e9j\u00e0 des centaines de manifestants \u00e0 se rassembler \u00e0 la Place des martyrs, pour ce 43e mardi de marche des \u00e9tudiants contre le syst\u00e8me en place. Des d\u00e9bats sur la situation actuelle du pays ont \u00e9t\u00e9 improvis\u00e9s par des gens \u00e2g\u00e9s, en attendant que la marche ne prenne son cours. Le principe de pacifisme, qui vaut pour chaque marche, a \u00e9t\u00e9 rappel\u00e9 d\u00e8s le matin.<\/p>\n<p><iframe loading=\"lazy\" allowfullscreen=\"true\" allowtransparency=\"true\" frameborder=\"0\" height=\"315\" scrolling=\"no\" src=\"https:\/\/web.facebook.com\/plugins\/video.php?href=https%3A%2F%2Fweb.facebook.com%2FJournaLiberteOfficiel%2Fvideos%2F967350376970024%2F&#038;show_text=0&#038;width=560\" class=\"c6\" width=\"560\">[embedded content]<\/iframe><\/p>\n<p>A 11h, les manifestants entament leur marche en se dirigeant vers le centre de la capitale. Pour \u00a0exprimer leur solidarit\u00e9 avec les manifestants qui ont \u00e9t\u00e9 bless\u00e9s notamment \u00e0 Tizi Ouzou, B\u00e9ja\u00efa, Bouira et Boumerd\u00e8s, lors des derniers affrontements avec la police, les \u00e9tudiants ont band\u00e9 leurs yeux.<\/p>\n<p>Les \u00e9tudiants ont aussi exprim\u00e9 leur solidarit\u00e9 avec les Oranais, violemment r\u00e9prim\u00e9s vendredi dernier, en scandant \u00ab\u00a0ya lawharna bravo alikoum w\u2019el djazair taftakher bikoum (bravo les oranais l\u2019Alg\u00e9rie est fi\u00e8re de vous)\u00bb. \u00a0<\/p>\n<p>Au fur et \u00e0 mesure que la marche progressait, de nombreux citoyens de passage y adh\u00e9raient. Arriv\u00e9s \u00e0 la place l\u2019Emir Abdelkader, \u00a0les manifestants ont r\u00e9it\u00e9r\u00e9 leur refus du dialogue avant la lib\u00e9ration des d\u00e9tenus d\u2019opinion en scandant \u00ablib\u00e9rez les otages, pas de chantage\u00a0\u00bb.<\/p>\n<p><iframe loading=\"lazy\" allowfullscreen=\"true\" allowtransparency=\"true\" frameborder=\"0\" height=\"315\" scrolling=\"no\" src=\"https:\/\/web.facebook.com\/plugins\/video.php?href=https%3A%2F%2Fweb.facebook.com%2FJournaLiberteOfficiel%2Fvideos%2F567921270653540%2F&#038;show_text=0&#038;width=560\" class=\"c6\" width=\"560\">[embedded content]<\/iframe><\/p>\n<p>Arriv\u00e9s \u00e0 la rue EL khatabi, les contestataires marquent une halte suite \u00e0 un appel lanc\u00e9 par un groupe d\u2019\u00e9tudiants. Le d\u00e9bat est ouvert\u00a0: \u00abLa saison 2 de notre Hirak commence maintenant. Nous devons nous organiser et \u00e9viter de leur donner l\u2019occasion de nous diviser\u00bb. \u00a0<\/p>\n<p>Vers 14h, les manifestants ont commenc\u00e9 \u00e0 se disperser. Aucune arrestation n\u2019a \u00e9t\u00e9 enregistr\u00e9e.<\/p>\n<p class=\"c7\"><strong>Kenza Sifi<\/strong><\/p>\n<\/div>\n<p>Auteur:<br \/>\n<a href=\"https:\/\/www.liberte-algerie.com\/actualite\/les-etudiants-poursuivent-leur-marche-pour-le-changement-330335\">Cliquez ici pour lire l&rsquo;article depuis sa source.<\/a><\/p>\n","protected":false},"excerpt":{"rendered":"<p>Peu avant 10h30, ils \u00e9taient d\u00e9j\u00e0 des centaines de manifestants \u00e0 se rassembler \u00e0 la Place des martyrs, pour ce 43e mardi de marche des \u00e9tudiants contre le syst\u00e8me en place. Des d\u00e9bats sur la situation actuelle du pays ont \u00e9t\u00e9 improvis\u00e9s par des gens \u00e2g\u00e9s, en attendant que la marche ne prenne son cours. [&hellip;]<\/p>\n","protected":false},"author":1742,"featured_media":0,"comment_status":"closed","ping_status":"closed","sticky":false,"template":"","format":"standard","meta":{"fifu_image_url":"","fifu_image_alt":"","footnotes":""},"categories":[73,53],"tags":[],"class_list":["post-70487","post","type-post","status-publish","format-standard","hentry","category-actualite","category-algerie"],"_links":{"self":[{"href":"https:\/\/linitiative.ca\/International\/wp-json\/wp\/v2\/posts\/70487","targetHints":{"allow":["GET"]}}],"collection":[{"href":"https:\/\/linitiative.ca\/International\/wp-json\/wp\/v2\/posts"}],"about":[{"href":"https:\/\/linitiative.ca\/International\/wp-json\/wp\/v2\/types\/post"}],"author":[{"embeddable":true,"href":"https:\/\/linitiative.ca\/International\/wp-json\/wp\/v2\/users\/1742"}],"replies":[{"embeddable":true,"href":"https:\/\/linitiative.ca\/International\/wp-json\/wp\/v2\/comments?post=70487"}],"version-history":[{"count":0,"href":"https:\/\/linitiative.ca\/International\/wp-json\/wp\/v2\/posts\/70487\/revisions"}],"wp:attachment":[{"href":"https:\/\/linitiative.ca\/International\/wp-json\/wp\/v2\/media?parent=70487"}],"wp:term":[{"taxonomy":"category","embeddable":true,"href":"https:\/\/linitiative.ca\/International\/wp-json\/wp\/v2\/categories?post=70487"},{"taxonomy":"post_tag","embeddable":true,"href":"https:\/\/linitiative.ca\/International\/wp-json\/wp\/v2\/tags?post=70487"}],"curies":[{"name":"wp","href":"https:\/\/api.w.org\/{rel}","templated":true}]}}