{"id":70490,"date":"2019-12-17T08:18:48","date_gmt":"2019-12-17T13:18:48","guid":{"rendered":"https:\/\/linitiative.ca\/International\/des-debats-marques-du-sceau-de-la-diversite-et-de-la-franchise\/"},"modified":"2019-12-17T08:18:48","modified_gmt":"2019-12-17T13:18:48","slug":"des-debats-marques-du-sceau-de-la-diversite-et-de-la-franchise","status":"publish","type":"post","link":"https:\/\/linitiative.ca\/International\/des-debats-marques-du-sceau-de-la-diversite-et-de-la-franchise\/","title":{"rendered":"Des d\u00e9bats marqu\u00e9s du sceau de la diversit\u00e9 et de la franchise"},"content":{"rendered":"<div readability=\"39\">\n<p>Marrakech \u2013 Les travaux de la 8\u00e8me Conf\u00e9rence internationale annuelle \u00ab\u00a0Atlantic Dialogues\u00a0\u00bb, tenus \u00e0 Marrakech, ont \u00e9t\u00e9 marqu\u00e9s du sceau de la diversit\u00e9, de l\u2019ouverture et de la franchise, avec \u00e0 la cl\u00e9 des d\u00e9bats passionn\u00e9s autour du th\u00e8me arr\u00eat\u00e9 pour cette \u00e9dition \u00ab\u00a0Le Sud en p\u00e9riode de tourmente\u00a0\u00bb.<\/p>\n<\/div>\n<div readability=\"144\">\n<p>Plac\u00e9e sous le Haut Patronage de SM le Roi Mohammed VI, cette 8\u00e8me \u00e9dition, qui s\u2019est d\u00e9roul\u00e9e du 12 au 14 d\u00e9cembre dans la cit\u00e9 ocre \u00e0 l\u2019initiative du Policy Center for the New South (PCNS), a connu la participation de 486 invit\u00e9s de 61 nationalit\u00e9s, venus d\u00e9battre et \u00e9changer autour de la th\u00e9matique de cette ann\u00e9e, qui a prolong\u00e9 et compl\u00e9t\u00e9 celle de 2018, en l\u2019occurrence \u00ab\u00a0Dynamiques atlantiques: surmonter les points de rupture\u00a0\u00bb.<\/p>\n<p>Face aux d\u00e9fis communs que conna\u00eet la fa\u00e7ade Atlantique de l\u2019Afrique, avec l\u2019urbanisation du littoral, des questions d\u2019acc\u00e8s \u00e0 l\u2019\u00e9nergie et le manque d\u2019infrastructures, le Policy Center for the New South a estim\u00e9 n\u00e9cessaire de \u00ab\u00a0construire des ponts au-dessus de cet espace, de stimuler la pens\u00e9e et le dialogue\u00a0\u00bb.<\/p>\n<p>En effet, le bassin Atlantique repr\u00e9sente un potentiel unique o\u00f9 se rejoignent les exp\u00e9riences du Nord et du Sud, un partenariat traditionnel \u00e0 renforcer, avec une relation Sud-Sud \u00e0 r\u00e9inventer.<\/p>\n<p>Au cours de cette 8\u00e8me \u00e9dition, un renversement des perspectives a \u00e9t\u00e9 mis en valeur, port\u00e9 par le rapport \u00ab\u00a0Atlantic Currents\u00a0\u00bb, avec des analyses du monde vu du Sud. L\u2019esprit est clairement celui d\u2019une Afrique d\u00e9complex\u00e9e qui cultive sa propre excellence et fait la promotion de son expertise.<\/p>\n<p>Le diagnostic sur les d\u00e9fis des pays en d\u00e9veloppement, de m\u00eame que l\u2019\u00e9laboration des solutions et l\u2019accompagnement des politiques publiques doivent venir des premiers concern\u00e9s: \u00ab\u00a0Le Sud est donc envisag\u00e9 depuis le Sud et pour le Sud\u00a0\u00bb.<\/p>\n<p>Enfin, il \u00e9tait important pour le Policy Center que la diversit\u00e9 soit au c\u0153ur de ces rencontres, comme valeur, de m\u00eame que l\u2019ouverture et la franchise, avec un \u00e9quilibre volontairement recherch\u00e9 entre pays, r\u00e9gions et secteurs d\u2019activit\u00e9.<\/p>\n<p>Ainsi, plusieurs panels de haut niveau ont \u00e9t\u00e9 anim\u00e9s par des personnalit\u00e9s de premier plan, parmi lesquelles l\u2019ancien Pr\u00e9sident du Nigeria, Olusegun Obasanjo, dont la communication a port\u00e9 sur \u00ab\u00a0Vivre en des temps incertains\u00a0\u00bb.<\/p>\n<p>Selon M. Obasanjo, \u00ab\u00a0le monde recherchait auparavant la paix, la stabilit\u00e9, le d\u00e9veloppement, la croissance et le progr\u00e8s. La plupart de ces objectifs ont \u00e9t\u00e9 atteints \u00e0 l\u2019exception de l\u2019\u00e9quit\u00e9, de la justice et de la d\u00e9mocratie, ainsi que du multilat\u00e9ralisme\u00a0\u00bb.<\/p>\n<p>D\u2019autres th\u00e9matiques d\u2019ordre politique, \u00e9conomique ou soci\u00e9tal ont \u00e9t\u00e9 \u00e9galement abord\u00e9es, comme la mont\u00e9e des populismes, la crise de la d\u00e9mocratie, la question des r\u00e9fugi\u00e9s, sans oublier le climat et l\u2019\u00e9nergie, \u00ab\u00a0la technologie, le bien-\u00eatre et les in\u00e9galit\u00e9s\u00a0\u00bb, la \u00ab\u00a0prochaine crise financi\u00e8re internationale\u00a0\u00bb ou encore les \u00ab\u00a0chances de survie\u00a0\u00bb du syst\u00e8me r\u00e9gul\u00e9 du commerce mondial, suscitant l\u2019int\u00e9r\u00eat des participants.<\/p>\n<p>Comme chaque ann\u00e9e, la Conf\u00e9rence s\u2019est cl\u00f4tur\u00e9e sur un panel consacr\u00e9 \u00e0 l\u2019Am\u00e9rique Latine en pr\u00e9sence d\u2019anciens chefs d\u2019Etat, ainsi que sur une session qui a rendu hommage aux 50 Emerging Leaders de la 8\u00e8me \u00e9dition de \u00ab\u00a0Atlantic Dialogues\u00a0\u00bb.<\/p>\n<p>Dans ses propos de cl\u00f4ture, le Pr\u00e9sident du Policy Center for the New South, Karim El Aynaoui, a affirm\u00e9 que \u00ab\u00a0Les Atlantic Dialogues ont \u00e9t\u00e9 une magnifique exp\u00e9rience, refl\u00e9tant nos valeurs qui incluent le d\u00e9bat passionn\u00e9, l\u2019accord sur le d\u00e9saccord, les analyses et travaux bas\u00e9s sur les faits, ouvert au dialogue, tol\u00e9rant \u00e0 l\u2019\u00e9gard de la diff\u00e9rence\u00a0\u00bb.<\/p>\n<p>\u00ab\u00a0Nous nous consid\u00e9rons comme les cr\u00e9ateurs d\u2019un espace, plus que tout autre chose. Les d\u00e9cideurs politiques et nous devrions vous \u00e9couter plus\u00a0\u00bb, a-t-il conclu.<\/p>\n<p>Lanc\u00e9 en 2014 \u00e0 Rabat avec 39 chercheurs associ\u00e9s du Sud comme du Nord, le Policy Center for the New South offre une perspective du Sud sur les enjeux des pays en d\u00e9veloppement.<\/p>\n<p>Il vise \u00e0 faciliter les d\u00e9cisions strat\u00e9giques et les politiques publiques relevant de ses quatre principaux programmes : agriculture, environnement et s\u00e9curit\u00e9 alimentaire; \u00e9conomie et d\u00e9veloppement social; mati\u00e8res premi\u00e8res et finance; g\u00e9opolitique et relations internationales.<\/p>\n<\/div>\n<p>Auteur: Meriem IGASS<br \/>\n<a href=\"http:\/\/www.mapmarrakech.ma\/fr\/des-debats-marques-du-sceau-de-la-diversite-et-de-la-franchise\/\">Cliquez ici pour lire l&rsquo;article depuis sa source.<\/a><\/p>\n","protected":false},"excerpt":{"rendered":"<p>Marrakech \u2013 Les travaux de la 8\u00e8me Conf\u00e9rence internationale annuelle \u00ab\u00a0Atlantic Dialogues\u00a0\u00bb, tenus \u00e0 Marrakech, ont \u00e9t\u00e9 marqu\u00e9s du sceau de la diversit\u00e9, de l\u2019ouverture et de la franchise, avec \u00e0 la cl\u00e9 des d\u00e9bats passionn\u00e9s autour du th\u00e8me arr\u00eat\u00e9 pour cette \u00e9dition \u00ab\u00a0Le Sud en p\u00e9riode de tourmente\u00a0\u00bb. Plac\u00e9e sous le Haut Patronage de [&hellip;]<\/p>\n","protected":false},"author":1788,"featured_media":0,"comment_status":"closed","ping_status":"closed","sticky":false,"template":"","format":"standard","meta":{"fifu_image_url":"","fifu_image_alt":"","footnotes":""},"categories":[54,76],"tags":[],"class_list":["post-70490","post","type-post","status-publish","format-standard","hentry","category-maroc","category-regions"],"_links":{"self":[{"href":"https:\/\/linitiative.ca\/International\/wp-json\/wp\/v2\/posts\/70490","targetHints":{"allow":["GET"]}}],"collection":[{"href":"https:\/\/linitiative.ca\/International\/wp-json\/wp\/v2\/posts"}],"about":[{"href":"https:\/\/linitiative.ca\/International\/wp-json\/wp\/v2\/types\/post"}],"author":[{"embeddable":true,"href":"https:\/\/linitiative.ca\/International\/wp-json\/wp\/v2\/users\/1788"}],"replies":[{"embeddable":true,"href":"https:\/\/linitiative.ca\/International\/wp-json\/wp\/v2\/comments?post=70490"}],"version-history":[{"count":0,"href":"https:\/\/linitiative.ca\/International\/wp-json\/wp\/v2\/posts\/70490\/revisions"}],"wp:attachment":[{"href":"https:\/\/linitiative.ca\/International\/wp-json\/wp\/v2\/media?parent=70490"}],"wp:term":[{"taxonomy":"category","embeddable":true,"href":"https:\/\/linitiative.ca\/International\/wp-json\/wp\/v2\/categories?post=70490"},{"taxonomy":"post_tag","embeddable":true,"href":"https:\/\/linitiative.ca\/International\/wp-json\/wp\/v2\/tags?post=70490"}],"curies":[{"name":"wp","href":"https:\/\/api.w.org\/{rel}","templated":true}]}}