{"id":70492,"date":"2019-12-17T11:43:36","date_gmt":"2019-12-17T16:43:36","guid":{"rendered":"https:\/\/linitiative.ca\/International\/environnement-formation-sur-les-techniques-du-plaidoyer\/"},"modified":"2019-12-17T11:43:36","modified_gmt":"2019-12-17T16:43:36","slug":"environnement-formation-sur-les-techniques-du-plaidoyer","status":"publish","type":"post","link":"https:\/\/linitiative.ca\/International\/environnement-formation-sur-les-techniques-du-plaidoyer\/","title":{"rendered":"Environnement: Formation sur les techniques du plaidoyer"},"content":{"rendered":"<div class=\"single-featured\"><img alt=\"\" data-src=\"http:\/\/www.mapmarrakech.ma\/map\/uploads\/2019\/12\/formation-copier.jpg\"\/><\/div>\n<div class=\"single-post-excerpt post-excerpt-bc\" readability=\"36\">\n<p>Al Haouz \u2013 Une session de formation sur les techniques et strat\u00e9gies du plaidoyer pour l\u2019int\u00e9gration de la dimension environnementale dans les politiques territoriales au niveau de la province d\u2019Al Haouz a \u00e9t\u00e9 organis\u00e9e, le weekend dernier \u00e0 Tahanaout, au profit des acteurs locaux.<\/p>\n<\/div>\n<div class=\"entry-content clearfix single-post-content\" readability=\"65\">\n<p>Une trentaine d\u2019acteurs associatifs, de repr\u00e9sentants de coop\u00e9ratives et des \u00e9lus ont b\u00e9n\u00e9fici\u00e9 de cette formation, qui consistait en des ateliers visant \u00e0 approfondir la compr\u00e9hension des techniques et strat\u00e9gies du plaidoyer, en g\u00e9n\u00e9ral, et de celles se rapportant \u00e0 la dimension environnementale, en particulier.<\/p>\n<p>Cette session de formation, marqu\u00e9e par l\u2019interaction entre les diff\u00e9rents participants, s\u2019inscrit dans le cadre du projet \u00ab\u00a0Politiques territoriales int\u00e9grant la dimension environnementale au niveau de la province d\u2019Al-Haouz\u00a0\u00bb, port\u00e9 par les Associations \u00ab\u00a0Tissilt pour le D\u00e9veloppement\u00a0\u00bb, \u00ab\u00a0Atlas Al Haouz pour le renforcement des capacit\u00e9s\u00a0\u00bb et \u00ab\u00a0Al Hayat pour le d\u00e9veloppement\u00a0\u00bb et financ\u00e9 par l\u2019Association \u00ab\u00a0Annakhil\u00a0\u00bb et l\u2019Agence am\u00e9ricaine pour le D\u00e9veloppement international (USAID).<\/p>\n<p>Cette formation constitue la deuxi\u00e8me activit\u00e9 organis\u00e9e dans le cadre de ce projet lanc\u00e9, r\u00e9cemment, avec une journ\u00e9e d\u2019\u00e9tude sur l\u2019int\u00e9gration de la dimension environnementale dans les plans d\u2019action des collectivit\u00e9s territoriales de la province.<\/p>\n<p>Les activit\u00e9s ayant trait audit projet se poursuivront avec l\u2019organisation, la semaine prochaine, d\u2019une nouvelle session de formation sur les m\u00e9canismes de d\u00e9mocratie participative.<\/p>\n<p>Elles s\u2019ach\u00e8veront avec une journ\u00e9e d\u2019\u00e9tude \u00e0 l\u2019issue de laquelle un m\u00e9morandum de plaidoirie sera remis aux responsables de la province pour l\u2019int\u00e9gration de la dimension environnementale dans les plans d\u2019action des collectivit\u00e9s territoriales en perspective des \u00e9ch\u00e9ances \u00e9lectorales de 2021.<\/p>\n<\/div>\n<p>Auteur: Meriem IGASS<br \/>\n<a href=\"http:\/\/www.mapmarrakech.ma\/fr\/environnement\/\">Cliquez ici pour lire l&rsquo;article depuis sa source.<\/a><\/p>\n","protected":false},"excerpt":{"rendered":"<p>Al Haouz \u2013 Une session de formation sur les techniques et strat\u00e9gies du plaidoyer pour l\u2019int\u00e9gration de la dimension environnementale dans les politiques territoriales au niveau de la province d\u2019Al Haouz a \u00e9t\u00e9 organis\u00e9e, le weekend dernier \u00e0 Tahanaout, au profit des acteurs locaux. Une trentaine d\u2019acteurs associatifs, de repr\u00e9sentants de coop\u00e9ratives et des \u00e9lus [&hellip;]<\/p>\n","protected":false},"author":1788,"featured_media":70493,"comment_status":"closed","ping_status":"closed","sticky":false,"template":"","format":"standard","meta":{"fifu_image_url":"","fifu_image_alt":"","footnotes":""},"categories":[54,76],"tags":[],"class_list":["post-70492","post","type-post","status-publish","format-standard","has-post-thumbnail","hentry","category-maroc","category-regions"],"_links":{"self":[{"href":"https:\/\/linitiative.ca\/International\/wp-json\/wp\/v2\/posts\/70492","targetHints":{"allow":["GET"]}}],"collection":[{"href":"https:\/\/linitiative.ca\/International\/wp-json\/wp\/v2\/posts"}],"about":[{"href":"https:\/\/linitiative.ca\/International\/wp-json\/wp\/v2\/types\/post"}],"author":[{"embeddable":true,"href":"https:\/\/linitiative.ca\/International\/wp-json\/wp\/v2\/users\/1788"}],"replies":[{"embeddable":true,"href":"https:\/\/linitiative.ca\/International\/wp-json\/wp\/v2\/comments?post=70492"}],"version-history":[{"count":0,"href":"https:\/\/linitiative.ca\/International\/wp-json\/wp\/v2\/posts\/70492\/revisions"}],"wp:featuredmedia":[{"embeddable":true,"href":"https:\/\/linitiative.ca\/International\/wp-json\/"}],"wp:attachment":[{"href":"https:\/\/linitiative.ca\/International\/wp-json\/wp\/v2\/media?parent=70492"}],"wp:term":[{"taxonomy":"category","embeddable":true,"href":"https:\/\/linitiative.ca\/International\/wp-json\/wp\/v2\/categories?post=70492"},{"taxonomy":"post_tag","embeddable":true,"href":"https:\/\/linitiative.ca\/International\/wp-json\/wp\/v2\/tags?post=70492"}],"curies":[{"name":"wp","href":"https:\/\/api.w.org\/{rel}","templated":true}]}}