{"id":70496,"date":"2019-12-17T12:02:02","date_gmt":"2019-12-17T17:02:02","guid":{"rendered":"https:\/\/linitiative.ca\/International\/les-apc-doivent-simpliquer-serieusement-dans-la-gestion-des-dechets\/"},"modified":"2019-12-17T12:02:02","modified_gmt":"2019-12-17T17:02:02","slug":"les-apc-doivent-simpliquer-serieusement-dans-la-gestion-des-dechets","status":"publish","type":"post","link":"https:\/\/linitiative.ca\/International\/les-apc-doivent-simpliquer-serieusement-dans-la-gestion-des-dechets\/","title":{"rendered":"Les APC doivent \u00ab\u00a0s\u2019impliquer s\u00e9rieusement dans la gestion des d\u00e9chets\u00a0\u00bb"},"content":{"rendered":"<div readability=\"36\">\n<p><strong>BOUIRA- Les Assembl\u00e9es populaires communales (APC) doivent s\u2019impliquer s\u00e9rieusement dans la gestion des d\u00e9chets et encourager davantage les micro-entreprises \u00e0 investir dans le recyclage des diff\u00e9rentes ordures, ont soulign\u00e9 mardi des enseignants et chercheurs lors d\u2019un colloque national tenu \u00e0 l\u2019Universit\u00e9 Akli Mohand Oulhadj de Bouira.<\/strong><\/p>\n<\/div>\n<div readability=\"80.8323966942\">\n<p>La quantit\u00e9 des d\u00e9chets g\u00e9n\u00e9r\u00e9s par la consommation et par les diff\u00e9rentes activit\u00e9s industrielles s\u2019est accrue ces derni\u00e8res ann\u00e9es, \u00ab\u00a0ce qui pourrait aggraver les risques sur la sant\u00e9 humaine et l\u2019environnement\u00a0\u00bb, ont averti les participants \u00e0 ce colloque sous le th\u00e8me \u00ab\u00a0L\u2019investissement dans le\u00a0recyclage des d\u00e9chets\u00a0\u00bb organis\u00e9 par la facult\u00e9 des sciences \u00e9conomiques et commerciales.<\/p>\n<blockquote readability=\"9\">\n<p><em><strong>Dans leurs communications, les diff\u00e9rents intervenants ont mis en exergue la n\u00e9cessit\u00e9 pour toutes les parties concern\u00e9es en Alg\u00e9rie de mettre en \u0153uvre des m\u00e9canismes de lutte contre ce ph\u00e9nom\u00e8ne des d\u00e9chets ainsi que de trouver des solutions efficaces en vue d\u2019encourager les jeunes et micro-entreprises \u00e0 investir davantage dans ce domaine.<\/strong><\/em><\/p>\n<\/blockquote>\n<p>\u00ab\u00a0La gestion (collecte et tri) des d\u00e9chets revient aux APC de chaque r\u00e9gion. Quant au recyclage, il constitue une v\u00e9ritable alternative \u00e9conomique g\u00e9n\u00e9ratrice d\u2019emploi et de richesse. Les micro-entreprise peuvent profiter de cette alternative\u00a0\u00bb, a indiqu\u00e9 dans son intervention l\u2019enseignant chercheur, Ali Ziane Mohand Ouamar.<\/p>\n<blockquote readability=\"9\">\n<p><em><strong>Pour ce chercheur, la cr\u00e9ation de centres d\u2019enfouissement technique (CET) \u00ab\u00a0n\u2019est pas une solution efficace, car l\u2019enfouissement des d\u00e9chets pourrait endommager les r\u00e9seaux de l\u2019eau potabe ainsi que le sol\u00a0\u00bb.<\/strong><\/em><\/p>\n<\/blockquote>\n<p>Selon les statistiques fournies par le m\u00eame intervenant, l\u2019Alg\u00e9rie jouit de 4.000 micro-entreprises susceptibles d\u2019intervenir dans ce domaine afin de participer \u00e0 la diversification de l\u2019\u00e9conomie via le recyclage des diff\u00e9rentes ordures (m\u00e9nag\u00e8res, industrielles, et celles des soins m\u00e9dicaux).<\/p>\n<hr\/>\n<p>Lire aussi:\u00a0\u00a0<a href=\"http:\/\/www.aps.dz\/economie\/95084-relance-du-barrage-vert-selon-une-nouvelle-approche-socioeconomique-et-environnementale\">Relance du Barrage Vert selon une approche socio\u00e9conomique et environnementale<\/a><\/p>\n<hr\/>\n<blockquote readability=\"9\">\n<p><em><strong>\u00ab\u00a0Cela<\/strong> <strong>va r\u00e9duire d\u2019abord les quantit\u00e9s de d\u00e9chets accumul\u00e9s dans chaque wilaya et les r\u00e9utiliser dans le recyclage. Ce cr\u00e9neau peur g\u00e9n\u00e9rer des milliers de postes d\u2019emploi pour les jeunes, et de la richesse\u00a0\u00bb, a ajout\u00e9 M. Mohand Ouamar.<\/strong><\/em><\/p>\n<\/blockquote>\n<p>Alg\u00e9rie, la gestion des d\u00e9chets est r\u00e9gie par la loi 01-19, mais l\u2019activit\u00e9 de gestion de ces d\u00e9chets se fait de fa\u00e7on anarchique. \u00ab\u00a0Les APC doivent mettre en place des strat\u00e9gie de collecte et de tri de ces d\u00e9chets\u00a0avant que ceux-ci soient transf\u00e9r\u00e9s au recyclage. Donc, il est temps pour que les assembl\u00e9es locales d\u2019agir afin de pr\u00e9server la sant\u00e9 publique et l\u2019environnement ainsi que les ressources naturelles du pays\u00a0\u00bb, a insist\u00e9 le m\u00eame intervenant.<\/p>\n<p>La gestion des d\u00e9chets ne pose pas probl\u00e8me uniquement en Alg\u00e9rie, mais plut\u00f4t m\u00eame dans les autres pays d\u2019Europe et d\u2019Asie, o\u00f9 l\u2019industrie est tr\u00e8s d\u00e9velopp\u00e9e. Les participants au colloque ont mis en garde contre le haut risque pouvant provenir des d\u00e9chets industriels et nucl\u00e9aires, ainsi que de ceux des soins m\u00e9dicaux. \u00ab\u00a0Ce genre de d\u00e9chets est une v\u00e9ritable menace pour la sant\u00e9 publique et pour l\u2019environnement, donc notre pays doit trouver les moyens n\u00e9cessaires afin de faire face \u00e0 cette menace\u00a0\u00bb, ont mis en garde les participants au colloque .<\/p>\n<\/div>\n<p>Auteur:<br \/>\n<a href=\"http:\/\/www.aps.dz\/regions\/99083-les-apc-doivent-s-impliquer-serieusement-dans-la-gestion-des-dechets\">Cliquez ici pour lire l&rsquo;article depuis sa source.<\/a><\/p>\n","protected":false},"excerpt":{"rendered":"<p>BOUIRA- Les Assembl\u00e9es populaires communales (APC) doivent s\u2019impliquer s\u00e9rieusement dans la gestion des d\u00e9chets et encourager davantage les micro-entreprises \u00e0 investir dans le recyclage des diff\u00e9rentes ordures, ont soulign\u00e9 mardi des enseignants et chercheurs lors d\u2019un colloque national tenu \u00e0 l\u2019Universit\u00e9 Akli Mohand Oulhadj de Bouira. La quantit\u00e9 des d\u00e9chets g\u00e9n\u00e9r\u00e9s par la consommation et [&hellip;]<\/p>\n","protected":false},"author":1790,"featured_media":0,"comment_status":"closed","ping_status":"closed","sticky":false,"template":"","format":"standard","meta":{"fifu_image_url":"","fifu_image_alt":"","footnotes":""},"categories":[53,76],"tags":[],"class_list":["post-70496","post","type-post","status-publish","format-standard","hentry","category-algerie","category-regions"],"_links":{"self":[{"href":"https:\/\/linitiative.ca\/International\/wp-json\/wp\/v2\/posts\/70496","targetHints":{"allow":["GET"]}}],"collection":[{"href":"https:\/\/linitiative.ca\/International\/wp-json\/wp\/v2\/posts"}],"about":[{"href":"https:\/\/linitiative.ca\/International\/wp-json\/wp\/v2\/types\/post"}],"author":[{"embeddable":true,"href":"https:\/\/linitiative.ca\/International\/wp-json\/wp\/v2\/users\/1790"}],"replies":[{"embeddable":true,"href":"https:\/\/linitiative.ca\/International\/wp-json\/wp\/v2\/comments?post=70496"}],"version-history":[{"count":0,"href":"https:\/\/linitiative.ca\/International\/wp-json\/wp\/v2\/posts\/70496\/revisions"}],"wp:attachment":[{"href":"https:\/\/linitiative.ca\/International\/wp-json\/wp\/v2\/media?parent=70496"}],"wp:term":[{"taxonomy":"category","embeddable":true,"href":"https:\/\/linitiative.ca\/International\/wp-json\/wp\/v2\/categories?post=70496"},{"taxonomy":"post_tag","embeddable":true,"href":"https:\/\/linitiative.ca\/International\/wp-json\/wp\/v2\/tags?post=70496"}],"curies":[{"name":"wp","href":"https:\/\/api.w.org\/{rel}","templated":true}]}}