{"id":70499,"date":"2019-12-16T15:56:24","date_gmt":"2019-12-16T20:56:24","guid":{"rendered":"https:\/\/linitiative.ca\/International\/immigration-illegale-et-traite-humaine-4-suspects-arretes\/"},"modified":"2019-12-16T15:56:24","modified_gmt":"2019-12-16T20:56:24","slug":"immigration-illegale-et-traite-humaine-4-suspects-arretes","status":"publish","type":"post","link":"https:\/\/linitiative.ca\/International\/immigration-illegale-et-traite-humaine-4-suspects-arretes\/","title":{"rendered":"Immigration ill\u00e9gale et traite humaine: 4 suspects arr\u00eat\u00e9s"},"content":{"rendered":"<div class=\"single-featured\"><img alt=\"\" data-src=\"http:\/\/www.mapoujda.ma\/map\/uploads\/2019\/07\/Arrestation-dun-individu-M750\u00d7430.jpg\"\/><\/div>\n<div class=\"entry-content clearfix single-post-content\" readability=\"64\">\n<p class=\"c4\">Les \u00e9l\u00e9ments de la S\u00fbret\u00e9 nationale de la province de Berkane ont proc\u00e9d\u00e9, lundi, en coordination avec les services de la police judiciaire d\u2019Oujda, \u00e0 l\u2019arrestation de quatre individus, dont deux organisateurs d\u2019immigration clandestine et deux interm\u00e9diaires, pour leurs liens pr\u00e9sum\u00e9s avec un r\u00e9seau criminel s\u2019activant dans l\u2019organisation de la migration ill\u00e9gale et la traite des \u00eatres humains.<\/p>\n<p class=\"c4\">Les services de la S\u00fbret\u00e9 nationale de la province de Berkane avaient arr\u00eat\u00e9 deux candidats \u00e0 la migration ill\u00e9gale et saisi une embarcation pneumatique bien approvisionn\u00e9e en carburant et soup\u00e7onn\u00e9e d\u2019\u00eatre utilis\u00e9e dans des op\u00e9rations de la migration clandestine, indique un communiqu\u00e9 de la Direction g\u00e9n\u00e9rale de la s\u00fbret\u00e9 nationale (DGSN), faisant savoir que quatre autres individus ont \u00e9t\u00e9 arr\u00eat\u00e9s, parmi eux deux interm\u00e9diaires venus r\u00e9ceptionner l\u2019embarcation pneumatique, tandis que les deux principaux suspects ont \u00e9t\u00e9 interpell\u00e9s au niveau de la commune rurale \u00ab\u00a0Madagh\u00a0\u00bb, dans la p\u00e9riph\u00e9rie de la ville de Berkane.<\/p>\n<p class=\"c4\">Les op\u00e9rations de fouilles effectu\u00e9es dans le cadre de cette affaire ont permis la saisie d\u2019une deuxi\u00e8me embarcation pneumatique dans la ville d\u2019Oujda, \u00e9galement soup\u00e7onn\u00e9e d\u2019\u00eatre utilis\u00e9e par des membres de ce r\u00e9seau criminel dans les op\u00e9rations de migration clandestine, selon la m\u00eame source.<\/p>\n<p class=\"c4\">Une enqu\u00eate judiciaire a \u00e9t\u00e9 ouverte sous la supervision du parquet comp\u00e9tent \u00e0 l\u2019encontre des quatre individus impliqu\u00e9s dans l\u2019organisation et la facilitation de la migration ill\u00e9gale et la traite des \u00eatres humains, en vue d\u2019\u00e9lucider les tenants et aboutissants de cette affaire et d\u2019identifier tous les actes criminels qui leur sont reproch\u00e9s, conclut le communiqu\u00e9.<\/p>\n<\/div>\n<p>Auteur: Soufiane ELAHMAR<br \/>\n<a href=\"http:\/\/www.mapoujda.ma\/fr\/immigration-illegale-et-traite-humaine-4-suspects-arretes\/\">Cliquez ici pour lire l&rsquo;article depuis sa source.<\/a><\/p>\n","protected":false},"excerpt":{"rendered":"<p>Les \u00e9l\u00e9ments de la S\u00fbret\u00e9 nationale de la province de Berkane ont proc\u00e9d\u00e9, lundi, en coordination avec les services de la police judiciaire d\u2019Oujda, \u00e0 l\u2019arrestation de quatre individus, dont deux organisateurs d\u2019immigration clandestine et deux interm\u00e9diaires, pour leurs liens pr\u00e9sum\u00e9s avec un r\u00e9seau criminel s\u2019activant dans l\u2019organisation de la migration ill\u00e9gale et la traite [&hellip;]<\/p>\n","protected":false},"author":1788,"featured_media":70500,"comment_status":"closed","ping_status":"closed","sticky":false,"template":"","format":"standard","meta":{"fifu_image_url":"","fifu_image_alt":"","footnotes":""},"categories":[54,76],"tags":[],"class_list":["post-70499","post","type-post","status-publish","format-standard","has-post-thumbnail","hentry","category-maroc","category-regions"],"_links":{"self":[{"href":"https:\/\/linitiative.ca\/International\/wp-json\/wp\/v2\/posts\/70499","targetHints":{"allow":["GET"]}}],"collection":[{"href":"https:\/\/linitiative.ca\/International\/wp-json\/wp\/v2\/posts"}],"about":[{"href":"https:\/\/linitiative.ca\/International\/wp-json\/wp\/v2\/types\/post"}],"author":[{"embeddable":true,"href":"https:\/\/linitiative.ca\/International\/wp-json\/wp\/v2\/users\/1788"}],"replies":[{"embeddable":true,"href":"https:\/\/linitiative.ca\/International\/wp-json\/wp\/v2\/comments?post=70499"}],"version-history":[{"count":0,"href":"https:\/\/linitiative.ca\/International\/wp-json\/wp\/v2\/posts\/70499\/revisions"}],"wp:featuredmedia":[{"embeddable":true,"href":"https:\/\/linitiative.ca\/International\/wp-json\/"}],"wp:attachment":[{"href":"https:\/\/linitiative.ca\/International\/wp-json\/wp\/v2\/media?parent=70499"}],"wp:term":[{"taxonomy":"category","embeddable":true,"href":"https:\/\/linitiative.ca\/International\/wp-json\/wp\/v2\/categories?post=70499"},{"taxonomy":"post_tag","embeddable":true,"href":"https:\/\/linitiative.ca\/International\/wp-json\/wp\/v2\/tags?post=70499"}],"curies":[{"name":"wp","href":"https:\/\/api.w.org\/{rel}","templated":true}]}}