{"id":70513,"date":"2019-12-17T07:12:00","date_gmt":"2019-12-17T12:12:00","guid":{"rendered":"https:\/\/linitiative.ca\/International\/menaces-de-retrait-de-confiance-a-medouar-fabulations-selon-la-faf\/"},"modified":"2019-12-17T07:12:00","modified_gmt":"2019-12-17T12:12:00","slug":"menaces-de-retrait-de-confiance-a-medouar-fabulations-selon-la-faf","status":"publish","type":"post","link":"https:\/\/linitiative.ca\/International\/menaces-de-retrait-de-confiance-a-medouar-fabulations-selon-la-faf\/","title":{"rendered":"\u00ab\u00a0Menaces\u00a0\u00bb de retrait de confiance \u00e0 Medouar : Fabulations, selon la FAF"},"content":{"rendered":"<p>\u00ab\u00a0J&rsquo;ai toujours entretenu de bonnes relations avec le pr\u00e9sident de la LFP Medouar, qui s&rsquo;est retrouv\u00e9 contraint d&rsquo;apporter des changements \u00e0 la programmation du championnat eu \u00e9gard au d\u00e9roulement de la derni\u00e8re \u00e9lection pr\u00e9sidentielle, ce qui a amen\u00e9 \u00e0 modifier le calendrier de la Coupe d&rsquo;Alg\u00e9rie des deux prochains tours\u00a0\u00bb, a indiqu\u00e9 Zetchi dans une vid\u00e9o diffus\u00e9e mardi sur le site de la FAF.<\/p>\n<p>Les changements op\u00e9r\u00e9s sur la programmation des rencontres des 1\/32 et 1\/16 de finale de \u00ab\u00a0Dame Coupe\u00a0\u00bb ainsi que sur la derni\u00e8re journ\u00e9e de la phase aller du championnat de Ligues 1 et 2 \u00ab\u00a0ont donn\u00e9 lieu \u00e0 certains commentaires et \u00e0 des \u00e9crits de presse qui sont compl\u00e8tement sortis de leur cadre sportif\u00a0\u00bb, regrette l&rsquo;instance f\u00e9d\u00e9rale.<\/p>\n<p>La FAF a qualifi\u00e9 de \u00ab\u00a0fabulations\u00a0\u00bb les \u00ab\u00a0menaces\u00a0\u00bb de retrait de confiance au pr\u00e9sident de la LFP par son Bureau f\u00e9d\u00e9ral.<\/p>\n<p>\u00ab\u00a0La LFP est en train d&rsquo;accomplir son travail dans des conditions difficiles. Elle est souvent sous pression. Nos relations avec cette instance sont bonnes, m\u00eame s&rsquo;il existe parfois des divergences d&rsquo;id\u00e9es, mais \u00e7a reste dans un cadre respectueux, dans l&rsquo;int\u00e9r\u00eat du football national. Nous n&rsquo;avons jamais eu des conflits avec quiconque. Je regrette des titres parus dans certains journaux, c&rsquo;est franchement honteux \u00e0 ce niveau-l\u00e0\u00a0\u00bb, a soulign\u00e9 Zetchi. (APS)<\/p>\n<p>Auteur: elmoudjahid<br \/>\n<a href=\"http:\/\/www.elmoudjahid.com\/fr\/actualites\/145936\">Cliquez ici pour lire l&rsquo;article depuis sa source.<\/a><\/p>\n","protected":false},"excerpt":{"rendered":"<p>\u00ab\u00a0J&rsquo;ai toujours entretenu de bonnes relations avec le pr\u00e9sident de la LFP Medouar, qui s&rsquo;est retrouv\u00e9 contraint d&rsquo;apporter des changements \u00e0 la programmation du championnat eu \u00e9gard au d\u00e9roulement de la derni\u00e8re \u00e9lection pr\u00e9sidentielle, ce qui a amen\u00e9 \u00e0 modifier le calendrier de la Coupe d&rsquo;Alg\u00e9rie des deux prochains tours\u00a0\u00bb, a indiqu\u00e9 Zetchi dans une [&hellip;]<\/p>\n","protected":false},"author":1744,"featured_media":0,"comment_status":"closed","ping_status":"closed","sticky":false,"template":"","format":"standard","meta":{"fifu_image_url":"","fifu_image_alt":"","footnotes":""},"categories":[73,53],"tags":[],"class_list":["post-70513","post","type-post","status-publish","format-standard","hentry","category-actualite","category-algerie"],"_links":{"self":[{"href":"https:\/\/linitiative.ca\/International\/wp-json\/wp\/v2\/posts\/70513","targetHints":{"allow":["GET"]}}],"collection":[{"href":"https:\/\/linitiative.ca\/International\/wp-json\/wp\/v2\/posts"}],"about":[{"href":"https:\/\/linitiative.ca\/International\/wp-json\/wp\/v2\/types\/post"}],"author":[{"embeddable":true,"href":"https:\/\/linitiative.ca\/International\/wp-json\/wp\/v2\/users\/1744"}],"replies":[{"embeddable":true,"href":"https:\/\/linitiative.ca\/International\/wp-json\/wp\/v2\/comments?post=70513"}],"version-history":[{"count":0,"href":"https:\/\/linitiative.ca\/International\/wp-json\/wp\/v2\/posts\/70513\/revisions"}],"wp:attachment":[{"href":"https:\/\/linitiative.ca\/International\/wp-json\/wp\/v2\/media?parent=70513"}],"wp:term":[{"taxonomy":"category","embeddable":true,"href":"https:\/\/linitiative.ca\/International\/wp-json\/wp\/v2\/categories?post=70513"},{"taxonomy":"post_tag","embeddable":true,"href":"https:\/\/linitiative.ca\/International\/wp-json\/wp\/v2\/tags?post=70513"}],"curies":[{"name":"wp","href":"https:\/\/api.w.org\/{rel}","templated":true}]}}