{"id":70515,"date":"2019-12-17T12:00:00","date_gmt":"2019-12-17T17:00:00","guid":{"rendered":"https:\/\/linitiative.ca\/International\/le-president-de-la-republique-abdelmadjid-tebboune-pretera-serment-ce-jeudi\/"},"modified":"2019-12-17T12:00:00","modified_gmt":"2019-12-17T17:00:00","slug":"le-president-de-la-republique-abdelmadjid-tebboune-pretera-serment-ce-jeudi","status":"publish","type":"post","link":"https:\/\/linitiative.ca\/International\/le-president-de-la-republique-abdelmadjid-tebboune-pretera-serment-ce-jeudi\/","title":{"rendered":"Le pr\u00e9sident de la r\u00e9publique Abdelmadjid Tebboune  pr\u00eatera serment  ce Jeudi"},"content":{"rendered":"<p>En effet, l&rsquo;article 89 de la Constitution stipule que le pr\u00e9sident de la R\u00e9publique \u00e9lu \u00ab pr\u00eate serment devant le peuple et en pr\u00e9sence de toutes les hautes instances de la nation, dans la semaine qui suit son \u00e9lection \u00bb.\u00a0<\/p>\n<p>Lundi soir , le Conseil Constitutionnel a rendu public , les r\u00e9sultats d\u00e9finitifs de l&rsquo;\u00e9lection pr\u00e9sidentielle qui a eu lieu , le 12 D\u00e9cembre . Il a annonc\u00e9 Abdelmadjid Tebboune pr\u00e9sident de la R\u00e9publique avec un taux de 58,13% des suffrages, soit pr\u00e8s de 5 millions de voix sur les 24 millions d\u2019\u00e9lecteurs inscrits. La prestation de serment sera suivie par la d\u00e9mission du gouvernement de Nourredine Bedoui . Selon \u00a0l&rsquo;article 91 de la Constitution, \u00ab\u00a0la \u00a0premi\u00e8re mission du Pr\u00e9sident de la R\u00e9publique apr\u00e8s la prestation de serment consistera en la nomination du Premier ministre apr\u00e8s consultation de la majorit\u00e9 parlementaire\u00a0\u00bb. En outre, \u00a0l&rsquo;article 93 dispose que le Pr\u00e9sident de la R\u00e9publique \u00ab\u00a0nomme les membres du Gouvernement apr\u00e8s consultation du Premier ministre qui coordonne l&rsquo;action du Gouvernement\u00a0\u00bb. Ce dernier \u00e9labore son plan d&rsquo;action et le pr\u00e9sente au Conseil des Ministres. Le premier challenge du nouveau pr\u00e9sident consistera \u00e0 nommer un nouveau gouvernement \u00e0 la hauteur des d\u00e9fis et engagements. Abdelmadjid Tebboune\u00a0 a soulign\u00e9 que \u00ab\u00a0c\u2019est une\u00a0 t\u00e2che tr\u00e8s difficile\u00a0\u00bb. Il\u00a0 a toutefois,\u00a0 d\u00e9clar\u00e9, lors de sa premi\u00e8re conf\u00e9rence de presse apr\u00e8s sa victoire \u00e0 la pr\u00e9sidentielle du 12 d\u00e9cembre dernier, que \u00ab\u00a0 le peuple alg\u00e9rien sera surpris par la nomination de jeunes ministres ne d\u00e9passant pas les 26 et 27 ans\u00a0\u00bb dans le futur gouvernement.<\/p>\n<p><strong>Neila Benrahal\/ R\u00e9daction Web\u00a0<\/strong><\/p>\n<p>Auteur: elmoudjahid<br \/>\n<a href=\"http:\/\/www.elmoudjahid.com\/fr\/actualites\/145938\">Cliquez ici pour lire l&rsquo;article depuis sa source.<\/a><\/p>\n","protected":false},"excerpt":{"rendered":"<p>En effet, l&rsquo;article 89 de la Constitution stipule que le pr\u00e9sident de la R\u00e9publique \u00e9lu \u00ab pr\u00eate serment devant le peuple et en pr\u00e9sence de toutes les hautes instances de la nation, dans la semaine qui suit son \u00e9lection \u00bb.\u00a0 Lundi soir , le Conseil Constitutionnel a rendu public , les r\u00e9sultats d\u00e9finitifs de l&rsquo;\u00e9lection [&hellip;]<\/p>\n","protected":false},"author":1744,"featured_media":0,"comment_status":"closed","ping_status":"closed","sticky":false,"template":"","format":"standard","meta":{"fifu_image_url":"","fifu_image_alt":"","footnotes":""},"categories":[73,53],"tags":[],"class_list":["post-70515","post","type-post","status-publish","format-standard","hentry","category-actualite","category-algerie"],"_links":{"self":[{"href":"https:\/\/linitiative.ca\/International\/wp-json\/wp\/v2\/posts\/70515","targetHints":{"allow":["GET"]}}],"collection":[{"href":"https:\/\/linitiative.ca\/International\/wp-json\/wp\/v2\/posts"}],"about":[{"href":"https:\/\/linitiative.ca\/International\/wp-json\/wp\/v2\/types\/post"}],"author":[{"embeddable":true,"href":"https:\/\/linitiative.ca\/International\/wp-json\/wp\/v2\/users\/1744"}],"replies":[{"embeddable":true,"href":"https:\/\/linitiative.ca\/International\/wp-json\/wp\/v2\/comments?post=70515"}],"version-history":[{"count":0,"href":"https:\/\/linitiative.ca\/International\/wp-json\/wp\/v2\/posts\/70515\/revisions"}],"wp:attachment":[{"href":"https:\/\/linitiative.ca\/International\/wp-json\/wp\/v2\/media?parent=70515"}],"wp:term":[{"taxonomy":"category","embeddable":true,"href":"https:\/\/linitiative.ca\/International\/wp-json\/wp\/v2\/categories?post=70515"},{"taxonomy":"post_tag","embeddable":true,"href":"https:\/\/linitiative.ca\/International\/wp-json\/wp\/v2\/tags?post=70515"}],"curies":[{"name":"wp","href":"https:\/\/api.w.org\/{rel}","templated":true}]}}