{"id":70522,"date":"2019-12-17T10:13:00","date_gmt":"2019-12-17T15:13:00","guid":{"rendered":"https:\/\/linitiative.ca\/International\/gendarmerie-nationale-plusieurs-personnes-arretees-pour-differents-delits\/"},"modified":"2019-12-17T10:13:00","modified_gmt":"2019-12-17T15:13:00","slug":"gendarmerie-nationale-plusieurs-personnes-arretees-pour-differents-delits","status":"publish","type":"post","link":"https:\/\/linitiative.ca\/International\/gendarmerie-nationale-plusieurs-personnes-arretees-pour-differents-delits\/","title":{"rendered":"GENDARMERIE NATIONALE : Plusieurs personnes arr\u00eat\u00e9es pour diff\u00e9rents d\u00e9lits"},"content":{"rendered":"<p><br id=\"sep_para_1\" class=\"sep_para access\"\/><\/p>\n<div id=\"para_1\" class=\"para_34531909 resize\">\n<div class=\"texte access firstletter\">Plusieurs personnes ont \u00e9t\u00e9 arr\u00eat\u00e9es pour diff\u00e9rents d\u00e9lits \u00e0 travers six wilayas du pays lors d&rsquo;op\u00e9rations men\u00e9es par des \u00e9l\u00e9ments de la Gendarmerie nationale, indique mardi un communiqu\u00e9 de ce corps de s\u00e9curit\u00e9. A S\u00e9tif, les gendarmes du groupement territorial de cette wilaya, agissant sur renseignements, ont interpell\u00e9 deux personnes \u00e0 bord d\u2019un v\u00e9hicule, en possession d&rsquo;un fusil de chasse de calibre 12, d\u00e9tenu ill\u00e9galement, ainsi que la somme de 125.000 DA, pr\u00e9cisant que ces deux individus, demeurant tous deux \u00e0 Beida-Bordj, ont \u00e9t\u00e9 interpell\u00e9s lors d\u2019un point de contr\u00f4le dress\u00e9 sur la RN.77, reliant S\u00e9tif \u00e0 Batna, au lieudit Sekakla, commune de Bazer-Sakra. Par ailleurs, les gendarmes du groupement territorial de M\u00e9d\u00e9a ont interpell\u00e9 deux personnes, lors d&rsquo;une patrouille au centre-ville de la localit\u00e9 de Boughezoul, \u00e0 bord d\u2019un v\u00e9hicule, transportant 4.600 paquets de cigarettes de diff\u00e9rentes marques \u00e9trang\u00e8res et locales, avec 1.000 paquets de papiers de tabac \u00e0 chiquer (massa), sans registre de commerce ni factures. De leur c\u00f4t\u00e9, les gendarmes du groupement territorial d\u2019Ain-Defla, agissant sur renseignements, ont interpell\u00e9 6 personnes lors d\u2019un point de contr\u00f4le dress\u00e9 sur la RN.65, reliant A\u00efn-Defla \u00e0 Tissemsilt \u00e0 la sortie nord de la commune d\u2019El-Hassania, qui transportaient \u00e0 bord de deux v\u00e9hicules, 1.775 bouteilles de boissons alcoolis\u00e9es de diff\u00e9rentes marques, destin\u00e9es \u00e0 la vente clandestine.\u00a0\u00a0\u00a0\u00a0<\/div>\n<\/div>\n<p>Auteur: Nadine<br \/>\n<a href=\"https:\/\/www.reflexiondz.net\/GENDARMERIE-NATIONALE-Plusieurs-personnes-arretees-pour-differents-delits_a59452.html\">Cliquez ici pour lire l&rsquo;article depuis sa source.<\/a><\/p>\n","protected":false},"excerpt":{"rendered":"<p>Plusieurs personnes ont \u00e9t\u00e9 arr\u00eat\u00e9es pour diff\u00e9rents d\u00e9lits \u00e0 travers six wilayas du pays lors d&rsquo;op\u00e9rations men\u00e9es par des \u00e9l\u00e9ments de la Gendarmerie nationale, indique mardi un communiqu\u00e9 de ce corps de s\u00e9curit\u00e9. A S\u00e9tif, les gendarmes du groupement territorial de cette wilaya, agissant sur renseignements, ont interpell\u00e9 deux personnes \u00e0 bord d\u2019un v\u00e9hicule, en [&hellip;]<\/p>\n","protected":false},"author":1740,"featured_media":0,"comment_status":"closed","ping_status":"closed","sticky":false,"template":"","format":"standard","meta":{"fifu_image_url":"","fifu_image_alt":"","footnotes":""},"categories":[53,76],"tags":[],"class_list":["post-70522","post","type-post","status-publish","format-standard","hentry","category-algerie","category-regions"],"_links":{"self":[{"href":"https:\/\/linitiative.ca\/International\/wp-json\/wp\/v2\/posts\/70522","targetHints":{"allow":["GET"]}}],"collection":[{"href":"https:\/\/linitiative.ca\/International\/wp-json\/wp\/v2\/posts"}],"about":[{"href":"https:\/\/linitiative.ca\/International\/wp-json\/wp\/v2\/types\/post"}],"author":[{"embeddable":true,"href":"https:\/\/linitiative.ca\/International\/wp-json\/wp\/v2\/users\/1740"}],"replies":[{"embeddable":true,"href":"https:\/\/linitiative.ca\/International\/wp-json\/wp\/v2\/comments?post=70522"}],"version-history":[{"count":0,"href":"https:\/\/linitiative.ca\/International\/wp-json\/wp\/v2\/posts\/70522\/revisions"}],"wp:attachment":[{"href":"https:\/\/linitiative.ca\/International\/wp-json\/wp\/v2\/media?parent=70522"}],"wp:term":[{"taxonomy":"category","embeddable":true,"href":"https:\/\/linitiative.ca\/International\/wp-json\/wp\/v2\/categories?post=70522"},{"taxonomy":"post_tag","embeddable":true,"href":"https:\/\/linitiative.ca\/International\/wp-json\/wp\/v2\/tags?post=70522"}],"curies":[{"name":"wp","href":"https:\/\/api.w.org\/{rel}","templated":true}]}}