{"id":70523,"date":"2019-12-17T10:13:00","date_gmt":"2019-12-17T15:13:00","guid":{"rendered":"https:\/\/linitiative.ca\/International\/tonic-emballage-10-tonnes-de-papier-detruites-dans-un-incendie\/"},"modified":"2019-12-17T10:13:00","modified_gmt":"2019-12-17T15:13:00","slug":"tonic-emballage-10-tonnes-de-papier-detruites-dans-un-incendie","status":"publish","type":"post","link":"https:\/\/linitiative.ca\/International\/tonic-emballage-10-tonnes-de-papier-detruites-dans-un-incendie\/","title":{"rendered":"TONIC EMBALLAGE  : 10 tonnes de papier d\u00e9truites dans un incendie"},"content":{"rendered":"<p><br id=\"sep_para_1\" class=\"sep_para access\"\/><\/p>\n<div id=\"para_1\" class=\"para_34531900 resize\">\n<div class=\"texte access firstletter\">Un incendie s&rsquo;est d\u00e9clar\u00e9, lundi, au niveau du groupe public \u00ab\u00a0Tonic Emballage\u00a0\u00bb d\u00e9truisant plus de 10 tonnes de papiers sans qu&rsquo;il y ait aucune perte humaine \u00e0 d\u00e9plorer, a affirm\u00e9 \u00e0 l&rsquo;APS la directrice de communication du Groupe, Nabila Ouchar. L&rsquo;incendie s&rsquo;est d\u00e9clench\u00e9 vers 14h00 lorsque les ouvriers s&rsquo;appr\u00eataient \u00e0 transf\u00e9rer le papier de l&rsquo;unit\u00e9 de r\u00e9cup\u00e9ration vers l&rsquo;unit\u00e9 de production du papier sanitaire relevant de l&rsquo;unit\u00e9 de transformation des mati\u00e8res premi\u00e8res de papier de la 2e zone industrielle du groupe Tonic, a-t-elle indiqu\u00e9. La responsable a fait savoir qu&rsquo;une enqu\u00eate a \u00e9t\u00e9 ouverte par les services de s\u00e9curit\u00e9 relevant du groupe et les services de la Police judiciaire territorialement comp\u00e9tents afin de d\u00e9terminer les circonstances de cet accident. Aucune perte humaine n&rsquo;est \u00e0 d\u00e9plorer, a-t-elle pr\u00e9cis\u00e9, soulignant que l&rsquo;op\u00e9ration de production de papier n&rsquo;a pas \u00e9t\u00e9 affect\u00e9e \u00e9tant donn\u00e9 que l&rsquo;incendie s&rsquo;est d\u00e9clench\u00e9 \u00e0 l&rsquo;ext\u00e9rieur du d\u00e9p\u00f4t de stockage de papier destin\u00e9 au recyclage.\u00a0\u00a0\u00a0\u00a0\u00a0<\/div>\n<\/div>\n<p>Auteur: Nadine<br \/>\n<a href=\"https:\/\/www.reflexiondz.net\/TONIC-EMBALLAGE-10-tonnes-de-papier-detruites-dans-un-incendie_a59450.html\">Cliquez ici pour lire l&rsquo;article depuis sa source.<\/a><\/p>\n","protected":false},"excerpt":{"rendered":"<p>Un incendie s&rsquo;est d\u00e9clar\u00e9, lundi, au niveau du groupe public \u00ab\u00a0Tonic Emballage\u00a0\u00bb d\u00e9truisant plus de 10 tonnes de papiers sans qu&rsquo;il y ait aucune perte humaine \u00e0 d\u00e9plorer, a affirm\u00e9 \u00e0 l&rsquo;APS la directrice de communication du Groupe, Nabila Ouchar. L&rsquo;incendie s&rsquo;est d\u00e9clench\u00e9 vers 14h00 lorsque les ouvriers s&rsquo;appr\u00eataient \u00e0 transf\u00e9rer le papier de l&rsquo;unit\u00e9 [&hellip;]<\/p>\n","protected":false},"author":1740,"featured_media":0,"comment_status":"closed","ping_status":"closed","sticky":false,"template":"","format":"standard","meta":{"fifu_image_url":"","fifu_image_alt":"","footnotes":""},"categories":[53,76],"tags":[],"class_list":["post-70523","post","type-post","status-publish","format-standard","hentry","category-algerie","category-regions"],"_links":{"self":[{"href":"https:\/\/linitiative.ca\/International\/wp-json\/wp\/v2\/posts\/70523","targetHints":{"allow":["GET"]}}],"collection":[{"href":"https:\/\/linitiative.ca\/International\/wp-json\/wp\/v2\/posts"}],"about":[{"href":"https:\/\/linitiative.ca\/International\/wp-json\/wp\/v2\/types\/post"}],"author":[{"embeddable":true,"href":"https:\/\/linitiative.ca\/International\/wp-json\/wp\/v2\/users\/1740"}],"replies":[{"embeddable":true,"href":"https:\/\/linitiative.ca\/International\/wp-json\/wp\/v2\/comments?post=70523"}],"version-history":[{"count":0,"href":"https:\/\/linitiative.ca\/International\/wp-json\/wp\/v2\/posts\/70523\/revisions"}],"wp:attachment":[{"href":"https:\/\/linitiative.ca\/International\/wp-json\/wp\/v2\/media?parent=70523"}],"wp:term":[{"taxonomy":"category","embeddable":true,"href":"https:\/\/linitiative.ca\/International\/wp-json\/wp\/v2\/categories?post=70523"},{"taxonomy":"post_tag","embeddable":true,"href":"https:\/\/linitiative.ca\/International\/wp-json\/wp\/v2\/tags?post=70523"}],"curies":[{"name":"wp","href":"https:\/\/api.w.org\/{rel}","templated":true}]}}