{"id":70525,"date":"2019-12-17T10:14:00","date_gmt":"2019-12-17T15:14:00","guid":{"rendered":"https:\/\/linitiative.ca\/International\/sante-scolaire-a-mostaganem-la-carie-dentaire-touche-68-des-eleves\/"},"modified":"2019-12-17T10:14:00","modified_gmt":"2019-12-17T15:14:00","slug":"sante-scolaire-a-mostaganem-la-carie-dentaire-touche-68-des-eleves","status":"publish","type":"post","link":"https:\/\/linitiative.ca\/International\/sante-scolaire-a-mostaganem-la-carie-dentaire-touche-68-des-eleves\/","title":{"rendered":"SANTE SCOLAIRE A MOSTAGANEM : La carie dentaire  touche 68% des \u00e9l\u00e8ves"},"content":{"rendered":"<p><br id=\"sep_para_1\" class=\"sep_para access\"\/><\/p>\n<div id=\"para_1\" class=\"para_34531928 resize\">\n<div class=\"texte access firstletter\">\u00a0Dans le cadre de la prise en charge m\u00e9dicale des \u00e9l\u00e8ves scolaris\u00e9s, les m\u00e9decins de l\u2019unit\u00e9 de d\u00e9pistage et de soins effectuent des consultations aux\u00a0 \u00e9l\u00e8ves, suivant le programme \u00e9labor\u00e9.\u00a0 Il est utile de pr\u00e9ciser que plusieurs actions sont effectu\u00e9es depuis le d\u00e9but de l&rsquo;ann\u00e9e en cours. En ce sens, des visites m\u00e9dicales syst\u00e9matiques sont faites. Notons en premier lieu, que ces visites m\u00e9dicales touchent les enfants scolaris\u00e9s du cycle primaire, et ceux des CEM.\u00a0 Ces derni\u00e8res se poursuivront\u00a0 aux lyc\u00e9ens. Ces consultations ont permis le d\u00e9pistage de maladies diverses, dont l\u2019asthme, la cardiopathie, l\u2019acuit\u00e9 visuelle (baisse de la vue) et les\u00a0 allergies\u00a0 respiratoires, ainsi que la carie dentaire. Les unit\u00e9s de d\u00e9pistage et de suivi ont un r\u00f4le primordial pour assurer\u00a0 une bonne \u00e9ducation sanitaire et des soins dentaires afin d\u2019\u00e9viter une dentition cari\u00e9e. L\u2019\u00e9ducation sanitaire se fait en premier lieu au niveau de la famille notamment,\u00a0 par les parents et aussi en classe de cours\u00a0 lors de la s\u00e9ance concernant la mati\u00e8re de l\u2019\u00e9ducation civique, sans pour autant n\u00e9gliger une ration alimentaire saine\u00a0 \u00e9quilibr\u00e9e. L\u2019\u00e9valuation du programme de sant\u00e9 scolaire affirme que la carie dentaire est la pathologie la plus fr\u00e9quente en milieu scolaire avec un taux de 68%. La sant\u00e9 buccodentaire en milieu scolaire constitue l\u2019une des priorit\u00e9s des autorit\u00e9s sanitaires, lesquelles s\u2019\u00e9vertuent\u00a0 par des actions de sensibilisation et de pr\u00e9vention\u00a0 pour l\u2019am\u00e9lioration de la sant\u00e9 buccodentaire en milieu scolaire.\u00a0 Par ailleurs, les \u00e9l\u00e8ves atteints seront suivis au 2eme et 3eme\u00a0 trimestre de l\u2019ann\u00e9e en cours. Par ailleurs lors de ces d\u00e9pistages, les m\u00e9decins ont d\u00e9couvert la p\u00e9diculose (poux parasite de la mis\u00e8re).\u00a0\u00a0\u00a0\u00a0\u00a0\u00a0\u00a0\u00a0\u00a0\u00a0\u00a0\u00a0<\/div>\n<\/div>\n<p>Auteur: G.Yacine<br \/>\n<a href=\"https:\/\/www.reflexiondz.net\/SANTE-SCOLAIRE-A-MOSTAGANEM-La-carie-dentaire-touche-68-des-eleves_a59455.html\">Cliquez ici pour lire l&rsquo;article depuis sa source.<\/a><\/p>\n","protected":false},"excerpt":{"rendered":"<p>\u00a0Dans le cadre de la prise en charge m\u00e9dicale des \u00e9l\u00e8ves scolaris\u00e9s, les m\u00e9decins de l\u2019unit\u00e9 de d\u00e9pistage et de soins effectuent des consultations aux\u00a0 \u00e9l\u00e8ves, suivant le programme \u00e9labor\u00e9.\u00a0 Il est utile de pr\u00e9ciser que plusieurs actions sont effectu\u00e9es depuis le d\u00e9but de l&rsquo;ann\u00e9e en cours. En ce sens, des visites m\u00e9dicales syst\u00e9matiques sont [&hellip;]<\/p>\n","protected":false},"author":1740,"featured_media":0,"comment_status":"closed","ping_status":"closed","sticky":false,"template":"","format":"standard","meta":{"fifu_image_url":"","fifu_image_alt":"","footnotes":""},"categories":[53,76],"tags":[],"class_list":["post-70525","post","type-post","status-publish","format-standard","hentry","category-algerie","category-regions"],"_links":{"self":[{"href":"https:\/\/linitiative.ca\/International\/wp-json\/wp\/v2\/posts\/70525","targetHints":{"allow":["GET"]}}],"collection":[{"href":"https:\/\/linitiative.ca\/International\/wp-json\/wp\/v2\/posts"}],"about":[{"href":"https:\/\/linitiative.ca\/International\/wp-json\/wp\/v2\/types\/post"}],"author":[{"embeddable":true,"href":"https:\/\/linitiative.ca\/International\/wp-json\/wp\/v2\/users\/1740"}],"replies":[{"embeddable":true,"href":"https:\/\/linitiative.ca\/International\/wp-json\/wp\/v2\/comments?post=70525"}],"version-history":[{"count":0,"href":"https:\/\/linitiative.ca\/International\/wp-json\/wp\/v2\/posts\/70525\/revisions"}],"wp:attachment":[{"href":"https:\/\/linitiative.ca\/International\/wp-json\/wp\/v2\/media?parent=70525"}],"wp:term":[{"taxonomy":"category","embeddable":true,"href":"https:\/\/linitiative.ca\/International\/wp-json\/wp\/v2\/categories?post=70525"},{"taxonomy":"post_tag","embeddable":true,"href":"https:\/\/linitiative.ca\/International\/wp-json\/wp\/v2\/tags?post=70525"}],"curies":[{"name":"wp","href":"https:\/\/api.w.org\/{rel}","templated":true}]}}