{"id":70533,"date":"2019-12-17T13:48:00","date_gmt":"2019-12-17T18:48:00","guid":{"rendered":"https:\/\/linitiative.ca\/International\/desormais-la-fete-de-la-revolution-sera-celebree-le-17-decembre\/"},"modified":"2019-12-17T13:48:00","modified_gmt":"2019-12-17T18:48:00","slug":"desormais-la-fete-de-la-revolution-sera-celebree-le-17-decembre","status":"publish","type":"post","link":"https:\/\/linitiative.ca\/International\/desormais-la-fete-de-la-revolution-sera-celebree-le-17-decembre\/","title":{"rendered":"D\u00e9sormais, la f\u00eate de la r\u00e9volution sera c\u00e9l\u00e9br\u00e9e  le 17 d\u00e9cembre"},"content":{"rendered":"<p>La Tunisie comm\u00e9more ce 17 d\u00e9cembre l\u2019immolation par le feu du jeune Mohamed Bouaziz qui fut fut le d\u00e9clencheur de la r\u00e9volution tunisienne et m\u00eame du printemps arabe.<\/p>\n<p>\u00a0 Dans un meeting tenu \u00e0 Sidi Bouzid \u00e0 l&rsquo;occasion de cet anniversaire, le pr\u00e9sident de la R\u00e9publique, Ka\u00efs Sa\u00efed a d\u00e9clar\u00e9 que \u00able 17 d\u00e9cembre est la f\u00eate de la R\u00e9volution et le 14 janvier son avortement. Il s&rsquo;est dit engag\u00e9 \u00e0 concr\u00e9tiser les aspirations des citoyens\u00a0 dans le cadre de la l\u00e9gitimit\u00e9 constitutionnelle quelles que soient les manoeuvres qui se trament dans l&rsquo;obscurit\u00e9\u00bb.<\/p>\n<p>Auteur:<br \/>\n<a href=\"https:\/\/www.leaders.com.tn\/article\/28653-le-17-decembre-sera-desormais-la-fete-de-la-revolution\">Cliquez ici pour lire l&rsquo;article depuis sa source.<\/a><\/p>\n","protected":false},"excerpt":{"rendered":"<p>La Tunisie comm\u00e9more ce 17 d\u00e9cembre l\u2019immolation par le feu du jeune Mohamed Bouaziz qui fut fut le d\u00e9clencheur de la r\u00e9volution tunisienne et m\u00eame du printemps arabe. \u00a0 Dans un meeting tenu \u00e0 Sidi Bouzid \u00e0 l&rsquo;occasion de cet anniversaire, le pr\u00e9sident de la R\u00e9publique, Ka\u00efs Sa\u00efed a d\u00e9clar\u00e9 que \u00able 17 d\u00e9cembre est [&hellip;]<\/p>\n","protected":false},"author":1772,"featured_media":0,"comment_status":"closed","ping_status":"closed","sticky":false,"template":"","format":"standard","meta":{"fifu_image_url":"","fifu_image_alt":"","footnotes":""},"categories":[73,55],"tags":[],"class_list":["post-70533","post","type-post","status-publish","format-standard","hentry","category-actualite","category-tunisie"],"_links":{"self":[{"href":"https:\/\/linitiative.ca\/International\/wp-json\/wp\/v2\/posts\/70533","targetHints":{"allow":["GET"]}}],"collection":[{"href":"https:\/\/linitiative.ca\/International\/wp-json\/wp\/v2\/posts"}],"about":[{"href":"https:\/\/linitiative.ca\/International\/wp-json\/wp\/v2\/types\/post"}],"author":[{"embeddable":true,"href":"https:\/\/linitiative.ca\/International\/wp-json\/wp\/v2\/users\/1772"}],"replies":[{"embeddable":true,"href":"https:\/\/linitiative.ca\/International\/wp-json\/wp\/v2\/comments?post=70533"}],"version-history":[{"count":0,"href":"https:\/\/linitiative.ca\/International\/wp-json\/wp\/v2\/posts\/70533\/revisions"}],"wp:attachment":[{"href":"https:\/\/linitiative.ca\/International\/wp-json\/wp\/v2\/media?parent=70533"}],"wp:term":[{"taxonomy":"category","embeddable":true,"href":"https:\/\/linitiative.ca\/International\/wp-json\/wp\/v2\/categories?post=70533"},{"taxonomy":"post_tag","embeddable":true,"href":"https:\/\/linitiative.ca\/International\/wp-json\/wp\/v2\/tags?post=70533"}],"curies":[{"name":"wp","href":"https:\/\/api.w.org\/{rel}","templated":true}]}}