{"id":70534,"date":"2019-12-17T13:49:00","date_gmt":"2019-12-17T18:49:00","guid":{"rendered":"https:\/\/linitiative.ca\/International\/lambassadeur-raouf-saied-est-decede-photos\/"},"modified":"2019-12-17T13:49:00","modified_gmt":"2019-12-17T18:49:00","slug":"lambassadeur-raouf-saied-est-decede-photos","status":"publish","type":"post","link":"https:\/\/linitiative.ca\/International\/lambassadeur-raouf-saied-est-decede-photos\/","title":{"rendered":"L\u2019ambassadeur Raouf Saied est d\u00e9c\u00e9d\u00e9 (Photos)"},"content":{"rendered":"<p>La Tunisie vient de perdre l\u2019un de ses illustres diplomates avec le d\u00e9c\u00e8s de l\u2019ancien ambassadeur <a href=\"https:\/\/www.leaders.com.tn\/article\/13022-raouf-saied-le-touche-a-tout-de-la-diplomatie-tunisienne\" target=\"_blank\" rel=\"noopener noreferrer\">Raouf Saied<\/a>, \u00e0 l&rsquo;\u00e2ge de 78 ans, \u00e0 l\u2019issue d\u2019une longue maladie. Diplomate chevronn\u00e9, il s\u2019\u00e9tait distingu\u00e9 au sein de l\u2019excellente \u00e9quipe form\u00e9e par l\u2019ambassadeur Taieb Slim, alors Repr\u00e9sentant permanent aupr\u00e8s de l\u2019ONU. Raouf Saied avait \u00e9t\u00e9 nomm\u00e9 ambassadeur de Tunisie \u00e0 Belgrade, Oslo et Alger.<\/p>\n<p>N\u00e9 \u00e0 Tunis en 1941, Raouf Saied est dipl\u00f4m\u00e9 \u00e8s-lettres de l\u2019universit\u00e9 d\u2019Aix-en-Provence. Il a servi en 1970 en qualit\u00e9 de Conseiller \u00e0 l\u2019ambassade de Tunisie \u00e0 Paris, avant d\u2019occuper les fonctions de consul de Tunisie \u00e0 Strasbourg, puis celles d\u2019ambassadeur successivement dans plusieurs pays en Europe et au Maghreb.<\/p>\n<p class=\"c2\"><img decoding=\"async\" src=\"\/uploads\/FCK_files\/Raouf-Saied-4.jpg\" alt=\"\" width=\"100%\" vspace=\"5\" hspace=\"5\" align=\"middle\"\/><\/p>\n<p>En 1980, et suite \u00e0 l\u2019\u00e9lection de la Tunisie en tant que membre non permanent du conseil de S\u00e9curit\u00e9 des Nations-unies, Raouf Saied a \u00e9t\u00e9 affect\u00e9 aupr\u00e8s de la mission permanente de Tunisie \u00e0 New York et d\u00e9sign\u00e9 comme d\u00e9l\u00e9gu\u00e9 adjoint aupr\u00e8s de cette instance supr\u00eame de l\u2019ONU, charg\u00e9e de la Paix et de la S\u00e9curit\u00e9 internationales.<\/p>\n<p>En 1988, Raouf Saied a \u00e9t\u00e9 appel\u00e9 \u00e0 diriger le cabinet du ministre des Affaires \u00e9trang\u00e8res, avant d\u2019\u00eatre nomm\u00e9 ambassadeur en Yougoslavie, en m\u00eame temps qu\u2019en Bulgarie et en Roumanie, avec r\u00e9sidence \u00e0 Belgrade et instruit pour suivre d\u2019une mani\u00e8re particuli\u00e8re les transitions d\u00e9mocratiques que connaissent ces pays \u00e0 la suite de l\u2019effondrement du Mur de Berlin.<\/p>\n<p class=\"c2\"><img decoding=\"async\" src=\"\/uploads\/FCK_files\/Raouf-Saied-2.jpg\" alt=\"\" width=\"100%\" vspace=\"5\" hspace=\"5\" align=\"middle\"\/><\/p>\n<p>A la suite de la conclusion, en 1993, des accords isra\u00e9lo-palestiniens d\u2019Oslo dont la Tunisie avait abrit\u00e9 une partie des pourparlers secrets, Raouf Saied a \u00e9t\u00e9 d\u00e9sign\u00e9 pour ouvrir la premi\u00e8re ambassade r\u00e9sidente \u00e0 Oslo en tant qu\u2019ambassadeur en Norv\u00e8ge avec pour mission particuli\u00e8re de suivre de pr\u00e8s la question palestinienne dans le cadre de l\u2019application de ces accords.<\/p>\n<p>En avril 1995, et alors que ces accords en vue de leur mise en \u0153uvre se d\u00e9pla\u00e7aient d\u2019Oslo vers leurs terres promises, l\u2019ambassadeur Saied devait quitter la capitale du Norv\u00e8ge pour une nouvelle mission en Alg\u00e9rie qui faisait face \u00e0 l\u2019\u00e9poque \u00e0 une vague de d\u00e9stabilisation et de terrorisme, o\u00f9 il servira en tant qu\u2019ambassadeur jusqu\u2019\u00e0 fin juin 1998.<\/p>\n<p class=\"c2\"><img decoding=\"async\" src=\"\/uploads\/FCK_files\/Said6(1).jpg\" width=\"100%\" vspace=\"5\" hspace=\"5\" align=\"middle\" alt=\"\"\/><\/p>\n<p>En 2005, Raouf Saied avait \u00e9t\u00e9 d\u00e9sign\u00e9 conseiller pour les affaires diplomatiques du Sommet mondial sur la soci\u00e9t\u00e9 de l\u2019Information (SMSI).<\/p>\n<p>A la Centrale, au sein du minist\u00e8re des Affaires \u00e9trang\u00e8res, et outre les fonctions de chef de cabinet du ministre, l\u2019ambassadeur Saied avait occup\u00e9 de multiples fonctions dans les divers domaines de la diplomatie. Il a \u00e9t\u00e9 ainsi\u00a0:<\/p>\n<ul>\n<li>Directeur g\u00e9n\u00e9ral de l\u2019Institut diplomatique pour la formation et les \u00e9tudes,<\/li>\n<li>Directeur g\u00e9n\u00e9ral des Organisations et Conf\u00e9rences internationales,<\/li>\n<li>Chef de l\u2019Unit\u00e9 de Prospective, rattach\u00e9e au cabinet du ministre,<\/li>\n<li>Chef de la Division de l\u2019Europe de l\u2019Ouest,<\/li>\n<li>Chef de Service de la Presse et de l\u2019Information, relevant du cabinet du ministre,<\/li>\n<li>Chef de Service des Affaires sociales et des migrations.<\/li>\n<\/ul>\n<p>Allah Yarhmou<\/p>\n<p>Auteur:<br \/>\n<a href=\"https:\/\/www.leaders.com.tn\/article\/28654-l-ambassadeur-raouf-saied-est-decede\">Cliquez ici pour lire l&rsquo;article depuis sa source.<\/a><\/p>\n","protected":false},"excerpt":{"rendered":"<p>La Tunisie vient de perdre l\u2019un de ses illustres diplomates avec le d\u00e9c\u00e8s de l\u2019ancien ambassadeur Raouf Saied, \u00e0 l&rsquo;\u00e2ge de 78 ans, \u00e0 l\u2019issue d\u2019une longue maladie. Diplomate chevronn\u00e9, il s\u2019\u00e9tait distingu\u00e9 au sein de l\u2019excellente \u00e9quipe form\u00e9e par l\u2019ambassadeur Taieb Slim, alors Repr\u00e9sentant permanent aupr\u00e8s de l\u2019ONU. Raouf Saied avait \u00e9t\u00e9 nomm\u00e9 ambassadeur [&hellip;]<\/p>\n","protected":false},"author":1772,"featured_media":70535,"comment_status":"closed","ping_status":"closed","sticky":false,"template":"","format":"standard","meta":{"fifu_image_url":"","fifu_image_alt":"","footnotes":""},"categories":[73,55],"tags":[],"class_list":["post-70534","post","type-post","status-publish","format-standard","has-post-thumbnail","hentry","category-actualite","category-tunisie"],"_links":{"self":[{"href":"https:\/\/linitiative.ca\/International\/wp-json\/wp\/v2\/posts\/70534","targetHints":{"allow":["GET"]}}],"collection":[{"href":"https:\/\/linitiative.ca\/International\/wp-json\/wp\/v2\/posts"}],"about":[{"href":"https:\/\/linitiative.ca\/International\/wp-json\/wp\/v2\/types\/post"}],"author":[{"embeddable":true,"href":"https:\/\/linitiative.ca\/International\/wp-json\/wp\/v2\/users\/1772"}],"replies":[{"embeddable":true,"href":"https:\/\/linitiative.ca\/International\/wp-json\/wp\/v2\/comments?post=70534"}],"version-history":[{"count":0,"href":"https:\/\/linitiative.ca\/International\/wp-json\/wp\/v2\/posts\/70534\/revisions"}],"wp:featuredmedia":[{"embeddable":true,"href":"https:\/\/linitiative.ca\/International\/wp-json\/"}],"wp:attachment":[{"href":"https:\/\/linitiative.ca\/International\/wp-json\/wp\/v2\/media?parent=70534"}],"wp:term":[{"taxonomy":"category","embeddable":true,"href":"https:\/\/linitiative.ca\/International\/wp-json\/wp\/v2\/categories?post=70534"},{"taxonomy":"post_tag","embeddable":true,"href":"https:\/\/linitiative.ca\/International\/wp-json\/wp\/v2\/tags?post=70534"}],"curies":[{"name":"wp","href":"https:\/\/api.w.org\/{rel}","templated":true}]}}