{"id":70541,"date":"2019-12-17T05:00:00","date_gmt":"2019-12-17T10:00:00","guid":{"rendered":"https:\/\/linitiative.ca\/International\/le-fumeur-de-the-prend-quelques-jours-de-repos\/"},"modified":"2019-12-17T05:00:00","modified_gmt":"2019-12-17T10:00:00","slug":"le-fumeur-de-the-prend-quelques-jours-de-repos","status":"publish","type":"post","link":"https:\/\/linitiative.ca\/International\/le-fumeur-de-the-prend-quelques-jours-de-repos\/","title":{"rendered":"Le Fumeur de th\u00e9 prend quelques jours de repos"},"content":{"rendered":"<div readability=\"31.582781457\"><a href=\"\/femme-magazine\/ces-huiles-qui-font-du-bien-a-nos-cheveux-35356\"\/><\/p>\n<div class=\"image\"><img class=\"lazy\" data-original=\"\/data\/images\/article\/thumbs\/ls-ces-huiles-qui-font-du-bien-a-nos-cheveux-d9d51.jpg\"\/><\/p>\n<p><span>1<\/span><\/p>\n<\/div>\n<p class=\"type-date\"><span>Femme Magazine<\/span> 11:00 | 16-12-2019<\/p>\n<h5 class=\"first-title\"><a href=\"\/femme-magazine\/ces-huiles-qui-font-du-bien-a-nos-cheveux-35356\">Beaut\u00e9<\/a><\/h5>\n<p><a href=\"\/femme-magazine\/ces-huiles-qui-font-du-bien-a-nos-cheveux-35356\"\/><\/p>\n<h5 class=\"title\"><a href=\"\/femme-magazine\/ces-huiles-qui-font-du-bien-a-nos-cheveux-35356\">Ces huiles qui font du bien \u00e0 nos cheveux !<\/a><\/h5>\n<p><a href=\"\/femme-magazine\/ces-huiles-qui-font-du-bien-a-nos-cheveux-35356\"\/><\/p>\n<p class=\"text\">Elles sont exotiques et tellement chic, les huiles pr\u00e9cieuses pour les cheveux ! Que ce soit le jojoba appel\u00e9 \u00ab or du d\u00e9sert \u00bb ou le mono\u00ef au parfum paradisiaque, elles ont ce petit \u00ab je ne sais quoi \u00bb qui<\/p>\n<\/div>\n<div readability=\"35.1428571429\"><a href=\"\/periscoop\/une-boycotteuse-de-marque-35216\"\/><\/p>\n<div class=\"image\"><img class=\"lazy\" data-original=\"\/data\/images\/article\/thumbs\/ls-une-boycotteuse-de-marque-1f8d4.jpg\"\/><\/p>\n<p><span>2<\/span><\/p>\n<\/div>\n<p class=\"type-date\"><span>P\u00e9riscoop<\/span> 11:00 | 14-12-2019<\/p>\n<h5 class=\"first-title\"><a href=\"\/periscoop\/une-boycotteuse-de-marque-35216\"\/><\/h5>\n<h5 class=\"title\"><a href=\"\/periscoop\/une-boycotteuse-de-marque-35216\">Une boycotteuse de marque !<\/a><\/h5>\n<p><a href=\"\/periscoop\/une-boycotteuse-de-marque-35216\"\/><\/p>\n<p class=\"text\">La ministre de la Poste et des Technologies de l\u2019information et la communication, Imene Houda Feraoune, a \u00e9t\u00e9 contrainte de boycotter l\u2019\u00e9lection pr\u00e9sidentielle de jeudi dernier. La ministre n\u2019avait, pour<\/p>\n<\/div>\n<p>Auteur:<br \/>\n<a href=\"https:\/\/www.lesoirdalgerie.com\/pousse-avec-eux\/le-fumeur-de-the-prend-quelques-jours-de-repos-35336\">Cliquez ici pour lire l&rsquo;article depuis sa source.<\/a><\/p>\n","protected":false},"excerpt":{"rendered":"<p>1 Femme Magazine 11:00 | 16-12-2019 Beaut\u00e9 Ces huiles qui font du bien \u00e0 nos cheveux ! Elles sont exotiques et tellement chic, les huiles pr\u00e9cieuses pour les cheveux ! Que ce soit le jojoba appel\u00e9 \u00ab or du d\u00e9sert \u00bb ou le mono\u00ef au parfum paradisiaque, elles ont ce petit \u00ab je ne sais [&hellip;]<\/p>\n","protected":false},"author":1741,"featured_media":0,"comment_status":"closed","ping_status":"closed","sticky":false,"template":"","format":"standard","meta":{"fifu_image_url":"","fifu_image_alt":"","footnotes":""},"categories":[73,53],"tags":[],"class_list":["post-70541","post","type-post","status-publish","format-standard","hentry","category-actualite","category-algerie"],"_links":{"self":[{"href":"https:\/\/linitiative.ca\/International\/wp-json\/wp\/v2\/posts\/70541","targetHints":{"allow":["GET"]}}],"collection":[{"href":"https:\/\/linitiative.ca\/International\/wp-json\/wp\/v2\/posts"}],"about":[{"href":"https:\/\/linitiative.ca\/International\/wp-json\/wp\/v2\/types\/post"}],"author":[{"embeddable":true,"href":"https:\/\/linitiative.ca\/International\/wp-json\/wp\/v2\/users\/1741"}],"replies":[{"embeddable":true,"href":"https:\/\/linitiative.ca\/International\/wp-json\/wp\/v2\/comments?post=70541"}],"version-history":[{"count":0,"href":"https:\/\/linitiative.ca\/International\/wp-json\/wp\/v2\/posts\/70541\/revisions"}],"wp:attachment":[{"href":"https:\/\/linitiative.ca\/International\/wp-json\/wp\/v2\/media?parent=70541"}],"wp:term":[{"taxonomy":"category","embeddable":true,"href":"https:\/\/linitiative.ca\/International\/wp-json\/wp\/v2\/categories?post=70541"},{"taxonomy":"post_tag","embeddable":true,"href":"https:\/\/linitiative.ca\/International\/wp-json\/wp\/v2\/tags?post=70541"}],"curies":[{"name":"wp","href":"https:\/\/api.w.org\/{rel}","templated":true}]}}