{"id":70544,"date":"2019-12-17T16:45:02","date_gmt":"2019-12-17T21:45:02","guid":{"rendered":"https:\/\/linitiative.ca\/International\/tunisie-video-kais-saied-met-le-feu-aux-poudres-a-sidi-bouzid\/"},"modified":"2019-12-17T16:45:02","modified_gmt":"2019-12-17T21:45:02","slug":"tunisie-video-kais-saied-met-le-feu-aux-poudres-a-sidi-bouzid","status":"publish","type":"post","link":"https:\/\/linitiative.ca\/International\/tunisie-video-kais-saied-met-le-feu-aux-poudres-a-sidi-bouzid\/","title":{"rendered":"Tunisie \u2013 VIDEO\u00a0: Ka\u00efs Sa\u00efed met le feu aux poudres \u00e0 Sidi Bouzid"},"content":{"rendered":"<div class=\"post-cont-in left relative\">\n<div class=\"swp_social_panel swp_horizontal_panel swp_flat_fresh swp_default_full_color swp_individual_full_color swp_other_full_color scale-100 scale-\" data-min-width=\"1100\" data-float-color=\"#ffffff\" data-float=\"none\" data-float-mobile=\"none\" data-transition=\"slide\">\n<div class=\"nc_tweetContainer swp_share_button total_shares total_sharesalt\"><span class=\"swp_count\">8 <span class=\"swp_label\">Partages<\/span><\/span><\/div>\n<\/div>\n<p>Le pr\u00e9sident de la R\u00e9publique, Ka\u00efs Sa\u00efed, s\u2019est rendu, cet apr\u00e8s midi \u00e0 Sidi Bouzid, pour se joindre aux citoyens amass\u00e9s pour comm\u00e9morer le neuvi\u00e8me anniversaire du d\u00e9clenchement de la \u00ab\u00a0r\u00e9volution du jasmin\u00a0\u00bb.<\/p>\n<div class=\"code-block code-block-1 c4\"><ins class=\"adsbygoogle c3\" data-ad-layout=\"in-article\" data-ad-format=\"fluid\" data-ad-client=\"ca-pub-2102118777505746\" data-ad-slot=\"7301775417\"\/> <\/div>\n<p>Ka\u00efs Sa\u00efed a annonc\u00e9 \u00e0 l\u2019assistance qu\u2019il a tenu \u00e0 se joindre \u00e0 eux, car il reconnait l\u2019importance du 17 d\u00e9cembre, qu\u2019il a d\u00e9cr\u00e9t\u00e9 journ\u00e9e nationale de la r\u00e9volution. Il a ajout\u00e9 que le 14 janvier a \u00e9t\u00e9 le jour de la contre-r\u00e9volution.<\/p>\n<p>Ka\u00efs Sa\u00efed a ajout\u00e9 \u00e0 la foule qui avait les nerfs \u00e0 fleur de peau, \u00e0 cause de l\u2019absence de tous les officiels aux festivit\u00e9s, qu\u2019il allait consacrer ses efforts, jusqu\u2019au dernier souffle, pour r\u00e9aliser les revendications du peuple. Il a point\u00e9 du doigt les hommes politiques, en les accusant de fomenter les coups bas et les complots, de fa\u00e7on quotidienne et qu\u2019ils l\u2019en accusent lui, expliquant qu\u2019il se foutait du pouvoir et de la pr\u00e9sidence, mais qu\u2019il \u00e9tait l\u00e0, pour r\u00e9aliser le r\u00eave du peuple tunisien qui aspire \u00e0 la libert\u00e9 et la dignit\u00e9.<\/p>\n<p>Ka\u00efs Sa\u00efed s\u2019est adress\u00e9 \u00e0 l\u2019assistance en leur disant qu\u2019ils connaissent, tr\u00e8s bien, les ennemis de leur r\u00e9volution, et les gens qui se cachent derri\u00e8re eux, leur demandant de s\u2019opposer \u00e0 leurs sombres desseins.<\/p>\n<p>Un discours enflamm\u00e9 tenu par Ka\u00efs Sa\u00efed pour confirmer, si besoin \u00e9tait, la rupture entre lui et la classe et les partis politiques. Un discours qui va mettre aux aguets toute la classe politique, qui vont le ressentir comme un coup d\u2019Etat \u00e9bauch\u00e9 par Ka\u00efs Sa\u00efed, qui se sent renforc\u00e9 par le soutien de ses \u00e9lecteurs, contre leurs int\u00e9r\u00eats et leur pouvoir.<\/p>\n<p>Mais c\u2019\u00e9tait, par la m\u00eame occasion un discours risqu\u00e9, et aux cons\u00e9quences encore inconnues, puisqu\u2019il s\u2019adressait \u00e0 une foule sur les nerfs et qui n\u2019attendait que la premi\u00e8re \u00e9tincelle pour s\u2019enflammer\u00a0!<\/p>\n<p><strong>Que se passe-t-il en Tunisie?<\/strong><br \/>Nous expliquons sur notre <a href=\"https:\/\/www.youtube.com\/channel\/UCRzypVq0B_yBad5eGrwBx0Q?sub_confirmation=1\" target=\"_blank\" rel=\"noopener noreferrer\">cha\u00eene YouTube<\/a> . <a href=\"https:\/\/www.youtube.com\/channel\/UCRzypVq0B_yBad5eGrwBx0Q?sub_confirmation=1\" target=\"_blank\" rel=\"noopener noreferrer\">Abonnez-vous!<\/a><\/p>\n<div class=\"mvp-org-wrap mvp-org-logo\" itemprop=\"publisher\" itemscope=\"\" itemtype=\"https:\/\/schema.org\/Organization\"><img decoding=\"async\" src=\"https:\/\/www.tunisienumerique.com\/wp-content\/uploads\/2017\/02\/logo_tunisie_numerique.png\"\/><\/div>\n<div class=\"swp_social_panel swp_horizontal_panel swp_flat_fresh swp_default_full_color swp_individual_full_color swp_other_full_color scale-100 scale-\" data-min-width=\"1100\" data-float-color=\"#ffffff\" data-float=\"none\" data-float-mobile=\"none\" data-transition=\"slide\">\n<div class=\"nc_tweetContainer swp_share_button total_shares total_sharesalt\"><span class=\"swp_count\">8 <span class=\"swp_label\">Partages<\/span><\/span><\/div>\n<\/div>\n<div class=\"mvp-related-posts left relative\">\n<h4 class=\"post-header\"><span class=\"post-header\">Lire aussi<\/span><\/h4>\n<\/div>\n<\/div>\n<p>Auteur: Saber .<br \/>\n<a href=\"https:\/\/www.tunisienumerique.com\/tunisie-video-kais-saied-met-le-feu-aux-poudres-a-sidi-bouzid\/\">Cliquez ici pour lire l&rsquo;article depuis sa source.<\/a><\/p>\n","protected":false},"excerpt":{"rendered":"<p>8 Partages Le pr\u00e9sident de la R\u00e9publique, Ka\u00efs Sa\u00efed, s\u2019est rendu, cet apr\u00e8s midi \u00e0 Sidi Bouzid, pour se joindre aux citoyens amass\u00e9s pour comm\u00e9morer le neuvi\u00e8me anniversaire du d\u00e9clenchement de la \u00ab\u00a0r\u00e9volution du jasmin\u00a0\u00bb. Ka\u00efs Sa\u00efed a annonc\u00e9 \u00e0 l\u2019assistance qu\u2019il a tenu \u00e0 se joindre \u00e0 eux, car il reconnait l\u2019importance du 17 [&hellip;]<\/p>\n","protected":false},"author":1789,"featured_media":70545,"comment_status":"closed","ping_status":"closed","sticky":false,"template":"","format":"standard","meta":{"fifu_image_url":"","fifu_image_alt":"","footnotes":""},"categories":[73,55],"tags":[],"class_list":["post-70544","post","type-post","status-publish","format-standard","has-post-thumbnail","hentry","category-actualite","category-tunisie"],"_links":{"self":[{"href":"https:\/\/linitiative.ca\/International\/wp-json\/wp\/v2\/posts\/70544","targetHints":{"allow":["GET"]}}],"collection":[{"href":"https:\/\/linitiative.ca\/International\/wp-json\/wp\/v2\/posts"}],"about":[{"href":"https:\/\/linitiative.ca\/International\/wp-json\/wp\/v2\/types\/post"}],"author":[{"embeddable":true,"href":"https:\/\/linitiative.ca\/International\/wp-json\/wp\/v2\/users\/1789"}],"replies":[{"embeddable":true,"href":"https:\/\/linitiative.ca\/International\/wp-json\/wp\/v2\/comments?post=70544"}],"version-history":[{"count":0,"href":"https:\/\/linitiative.ca\/International\/wp-json\/wp\/v2\/posts\/70544\/revisions"}],"wp:featuredmedia":[{"embeddable":true,"href":"https:\/\/linitiative.ca\/International\/wp-json\/"}],"wp:attachment":[{"href":"https:\/\/linitiative.ca\/International\/wp-json\/wp\/v2\/media?parent=70544"}],"wp:term":[{"taxonomy":"category","embeddable":true,"href":"https:\/\/linitiative.ca\/International\/wp-json\/wp\/v2\/categories?post=70544"},{"taxonomy":"post_tag","embeddable":true,"href":"https:\/\/linitiative.ca\/International\/wp-json\/wp\/v2\/tags?post=70544"}],"curies":[{"name":"wp","href":"https:\/\/api.w.org\/{rel}","templated":true}]}}